{"id":28680,"date":"2022-04-06T13:38:40","date_gmt":"2022-04-06T13:38:40","guid":{"rendered":"https:\/\/www.open-up.ch\/les-medias-du-service-public-sous-pression\/"},"modified":"2022-10-06T12:39:21","modified_gmt":"2022-10-06T12:39:21","slug":"les-medias-du-service-public-sous-pression","status":"publish","type":"post","link":"https:\/\/www.open-up.ch\/fr\/les-medias-du-service-public-sous-pression\/","title":{"rendered":"Les m\u00e9dias du service public sous pression"},"content":{"rendered":"\t\t<div data-elementor-type=\"wp-post\" data-elementor-id=\"28680\" class=\"elementor elementor-28680 elementor-24718\" data-elementor-post-type=\"post\">\n\t\t\t\t\t\t<section class=\"elementor-section elementor-top-section elementor-element elementor-element-0fc1cba left right elementor-section-full_width elementor-section-height-default elementor-section-height-default\" data-id=\"0fc1cba\" data-element_type=\"section\" data-e-type=\"section\">\n\t\t\t\t\t\t<div class=\"elementor-container elementor-column-gap-default\">\n\t\t\t\t\t<div class=\"elementor-column elementor-col-100 elementor-top-column elementor-element elementor-element-6c33fa1\" data-id=\"6c33fa1\" data-element_type=\"column\" data-e-type=\"column\">\n\t\t\t<div class=\"elementor-widget-wrap elementor-element-populated\">\n\t\t\t\t\t\t<div class=\"elementor-element elementor-element-f759a7e elementor-widget elementor-widget-image\" data-id=\"f759a7e\" data-element_type=\"widget\" data-e-type=\"widget\" data-widget_type=\"image.default\">\n\t\t\t\t<div class=\"elementor-widget-container\">\n\t\t\t\t\t\t\t\t\t\t\t\t\t\t\t<img fetchpriority=\"high\" decoding=\"async\" width=\"1254\" height=\"836\" src=\"https:\/\/www.open-up.ch\/wp-content\/uploads\/2022\/04\/sichtweise-fb.jpg\" class=\"attachment-full size-full wp-image-27737\" alt=\"\" srcset=\"https:\/\/www.open-up.ch\/wp-content\/uploads\/2022\/04\/sichtweise-fb.jpg 1254w, https:\/\/www.open-up.ch\/wp-content\/uploads\/2022\/04\/sichtweise-fb-300x200.jpg 300w, https:\/\/www.open-up.ch\/wp-content\/uploads\/2022\/04\/sichtweise-fb-1024x683.jpg 1024w, https:\/\/www.open-up.ch\/wp-content\/uploads\/2022\/04\/sichtweise-fb-768x512.jpg 768w\" sizes=\"(max-width: 1254px) 100vw, 1254px\" \/>\t\t\t\t\t\t\t\t\t\t\t\t\t\t\t<\/div>\n\t\t\t\t<\/div>\n\t\t\t\t\t<\/div>\n\t\t<\/div>\n\t\t\t\t\t<\/div>\n\t\t<\/section>\n\t\t\t\t<section class=\"elementor-section elementor-top-section elementor-element elementor-element-6b46a43 elementor-section-full_width left right headf elementor-section-height-default elementor-section-height-default\" data-id=\"6b46a43\" data-element_type=\"section\" data-e-type=\"section\" data-settings=\"{&quot;background_background&quot;:&quot;classic&quot;}\">\n\t\t\t\t\t\t<div class=\"elementor-container elementor-column-gap-default\">\n\t\t\t\t\t<div class=\"elementor-column elementor-col-100 elementor-top-column elementor-element elementor-element-e3748fa\" data-id=\"e3748fa\" data-element_type=\"column\" data-e-type=\"column\">\n\t\t\t<div class=\"elementor-widget-wrap elementor-element-populated\">\n\t\t\t\t\t\t<div class=\"elementor-element elementor-element-aa8a5e4 elementor-widget elementor-widget-text-editor\" data-id=\"aa8a5e4\" data-element_type=\"widget\" data-e-type=\"widget\" data-widget_type=\"text-editor.default\">\n\t\t\t\t<div class=\"elementor-widget-container\">\n\t\t\t\t\t\t\t\t\t<p>06.04.2022 |<\/p>\n<h2><strong>Les m\u00e9dias du service public sous pression<\/strong><\/h2>\n<h2><strong>\u00a0<\/strong><\/h2>\n\t\t\t\t\t\t\t\t<\/div>\n\t\t\t\t<\/div>\n\t\t\t\t\t<\/div>\n\t\t<\/div>\n\t\t\t\t\t<\/div>\n\t\t<\/section>\n\t\t\t\t<section class=\"elementor-section elementor-top-section elementor-element elementor-element-18c8e70 elementor-section-full_width left right elementor-section-height-default elementor-section-height-default\" data-id=\"18c8e70\" data-element_type=\"section\" data-e-type=\"section\" data-settings=\"{&quot;background_background&quot;:&quot;classic&quot;}\">\n\t\t\t\t\t\t<div class=\"elementor-container elementor-column-gap-default\">\n\t\t\t\t\t<div class=\"elementor-column elementor-col-100 elementor-top-column elementor-element elementor-element-0bb7fc7\" data-id=\"0bb7fc7\" data-element_type=\"column\" data-e-type=\"column\">\n\t\t\t<div class=\"elementor-widget-wrap elementor-element-populated\">\n\t\t\t\t\t\t<div class=\"elementor-element elementor-element-3e0e51c elementor-widget elementor-widget-text-editor\" data-id=\"3e0e51c\" data-element_type=\"widget\" data-e-type=\"widget\" data-widget_type=\"text-editor.default\">\n\t\t\t\t<div class=\"elementor-widget-container\">\n\t\t\t\t\t\t\t\t\t<p><strong>Le paysage m\u00e9diatique traditionnel vacille dangereusement. Les m\u00e9dias du service public, en particulier, sont mis sous pression, que ce soit par des gouvernements autoritaires ou populistes, des entreprises de m\u00e9dias purement orient\u00e9es vers le profit ou des g\u00e9ants de l&#8217;Internet et des m\u00e9dias sociaux. Il est donc grand temps de lutter en faveur de la diversit\u00e9 m\u00e9diatique.<\/strong><\/p>\n<p>En Pologne ou en Hongrie, ce sont des gouvernements autoritaires qui veulent transformer les institutions du service public en cha\u00eenes \u00e9tatiques. En Grande-Bretagne, c&#8217;est un gouvernement populiste qui revendique lui-m\u00eame la ma\u00eetrise de l&#8217;information et de son interpr\u00e9tation. Et en Suisse, les m\u00e9dias publics sont depuis des ann\u00e9es sous le feu des cercles conservateurs de droite. Par le biais d&#8217;initiatives populaires et de campagnes d&#8217;opinion dans leurs journaux achet\u00e9s en commun, ceux-ci tentent de faire pression sur la SSR ainsi que sur les radios locales et les cha\u00eenes de t\u00e9l\u00e9vision r\u00e9gionales subventionn\u00e9es en de nombreux endroits et menacent de leur retirer leur base de financement.<\/p>\n<p><strong>La fragilit\u00e9 de la libre interpr\u00e9tation <\/strong><\/p>\n<p>Le travail de sape des institutions du service public a pour cons\u00e9quence que leur souverainet\u00e9 en mati\u00e8re d&#8217;information et d&#8217;interpr\u00e9tation s&#8217;\u00e9rode lentement. C&#8217;est probl\u00e9matique dans la mesure o\u00f9 l&#8217;objectivit\u00e9, la fiabilit\u00e9 et l&#8217;\u00e9quilibre de l&#8217;information m\u00e9diatique figurent en t\u00eate de leurs priorit\u00e9s. Les cha\u00eenes de radio et de t\u00e9l\u00e9vision de la SSR, par exemple, informent toujours selon le principe des deux sources et accordent autant que possible \u00e0 tous les acteurs politiques le m\u00eame temps de parole et la m\u00eame place dans leurs reportages. Si les gens ne peuvent visiblement plus se mettre d&#8217;accord sur des faits et des informations objectifs, cela n&#8217;est pas seulement probl\u00e9matique, cela constitue \u00e9galement une menace pour la d\u00e9mocratie. Il suffit de jeter un coup d&#8217;\u0153il sur les Etats-Unis pour voir o\u00f9 cela m\u00e8ne : des mondes parall\u00e8les dangereux et un foss\u00e9 social qui ne cesse de s\u2019agrandir.<\/p>\n<p><strong>Le quatri\u00e8me pouvoir de l&#8217;\u00c9tat<\/strong><\/p>\n<p>Jean-Jacques Rousseau avait d\u00e9j\u00e0 reconnu que la presse faisait office de quatri\u00e8me pouvoir de l&#8217;\u00c9tat, aux c\u00f4t\u00e9s des pouvoirs ex\u00e9cutif, l\u00e9gislatif et judiciaire. Par leurs reportages et leurs d\u00e9bats publics, les m\u00e9dias peuvent influencer de mani\u00e8re d\u00e9terminante les \u00e9v\u00e9nements politiques. Aujourd&#8217;hui, on constate toutefois des tendances inqui\u00e9tantes chez de nombreux m\u00e9dias : influencer la population pour une cause ou une autre ou l&#8217;abreuver en permanence d&#8217;informations \u00e9ph\u00e9m\u00e8res, de sorte qu&#8217;elle en devienne moins critique, apolitique et docile. Sans parler des fake news ou des chambres d&#8217;\u00e9cho que l&#8217;on trouve en grand nombre sur les r\u00e9seauxs sociaux. Un autre probl\u00e8me r\u00e9side dans le fait que plus le temps passe, plus les gens sont habitu\u00e9s \u00e0 consommer du journalisme gratuitement. Le risque est que la population ne comprenne plus pourquoi elle devrait payer une redevance pour les m\u00e9dias de service public, comme c&#8217;est le cas en Suisse.<\/p>\n<p><strong>Un \u00e9quilibre important par rapport aux m\u00e9dias orient\u00e9s vers le profit<\/strong><\/p>\n<p>Si l&#8217;on consid\u00e8re que les m\u00e9dias priv\u00e9s sont marqu\u00e9s par des int\u00e9r\u00eats \u00e9conomiques et s&#8217;orientent en premier lieu vers les chiffres de vente et de clics, cela met encore plus en \u00e9vidence l&#8217;importance des m\u00e9dias de droit public. Non seulement ils cr\u00e9ent un \u00e9quilibre important par rapport \u00e0 l&#8217;orientation principalement \u00e9conomique, mais ils offrent \u00e9galement une plateforme pour les personnes et les th\u00e8mes qui, autrement, seraient volontairement ignor\u00e9s. Tout cela ne doit pas faire oublier que des m\u00e9canismes de contr\u00f4le sont \u00e9galement n\u00e9cessaires pour les cha\u00eenes du service public. Par exemple, lorsqu&#8217;il s&#8217;agit de la publicit\u00e9 sur leurs cha\u00eenes et leurs canaux en ligne, lorsque leurs structures d&#8217;exploitation ont tendance \u00e0 se bureaucratiser ou lorsqu&#8217;il existe une trop forte tendance \u00e0 diffuser des \u00e9missions de divertissement, qui ne devraient pas faire partie de leur mission premi\u00e8re.<\/p>\n\t\t\t\t\t\t\t\t<\/div>\n\t\t\t\t<\/div>\n\t\t\t\t\t<\/div>\n\t\t<\/div>\n\t\t\t\t\t<\/div>\n\t\t<\/section>\n\t\t\t\t<section class=\"elementor-section elementor-top-section elementor-element elementor-element-e990640 elementor-section-full_width left right elementor-section-height-default elementor-section-height-default\" data-id=\"e990640\" data-element_type=\"section\" data-e-type=\"section\" data-settings=\"{&quot;background_background&quot;:&quot;classic&quot;}\">\n\t\t\t\t\t\t<div class=\"elementor-container elementor-column-gap-default\">\n\t\t\t\t\t<div class=\"elementor-column elementor-col-50 elementor-top-column elementor-element elementor-element-66753d0\" data-id=\"66753d0\" data-element_type=\"column\" data-e-type=\"column\">\n\t\t\t<div class=\"elementor-widget-wrap elementor-element-populated\">\n\t\t\t\t\t\t<div class=\"elementor-element elementor-element-02b174c elementor-widget elementor-widget-image\" data-id=\"02b174c\" data-element_type=\"widget\" data-e-type=\"widget\" data-widget_type=\"image.default\">\n\t\t\t\t<div class=\"elementor-widget-container\">\n\t\t\t\t\t\t\t\t\t\t\t\t\t\t\t\t<a href=\"https:\/\/www.open-up.ch\/fr\/%e1%8e%97-fabian-baer\/\" target=\"_blank\">\n\t\t\t\t\t\t\t<img decoding=\"async\" width=\"150\" height=\"150\" src=\"https:\/\/www.open-up.ch\/wp-content\/uploads\/2021\/11\/boostr-dscf9715-1-150x150.jpg\" class=\"attachment-thumbnail size-thumbnail wp-image-27658\" alt=\"\" \/>\t\t\t\t\t\t\t\t<\/a>\n\t\t\t\t\t\t\t\t\t\t\t\t\t\t\t<\/div>\n\t\t\t\t<\/div>\n\t\t\t\t\t<\/div>\n\t\t<\/div>\n\t\t\t\t<div class=\"elementor-column elementor-col-50 elementor-top-column elementor-element elementor-element-c712e0c\" data-id=\"c712e0c\" data-element_type=\"column\" data-e-type=\"column\">\n\t\t\t<div class=\"elementor-widget-wrap elementor-element-populated\">\n\t\t\t\t\t\t<div class=\"elementor-element elementor-element-1111383 elementor-widget elementor-widget-text-editor\" data-id=\"1111383\" data-element_type=\"widget\" data-e-type=\"widget\" data-widget_type=\"text-editor.default\">\n\t\t\t\t<div class=\"elementor-widget-container\">\n\t\t\t\t\t\t\t\t\t<p><strong>Auteur<\/strong><\/p>\n<p>Fabian Baer est un partisan convaincu de la plus grande diversit\u00e9 possible des m\u00e9dias. En tant que politologue de formation, il conna\u00eet l&#8217;importance de cette derni\u00e8re pour une soci\u00e9t\u00e9 pluraliste et d\u00e9mocratique. En tant qu&#8217;amateur de musique, il ne veut pas d\u00e9pendre des radios priv\u00e9es qui tendent vers l&#8217;uniformit\u00e9, mais \u00e9couter le plus longtemps possible sa station pr\u00e9f\u00e9r\u00e9e, BBC Radio 6 Music.<\/p>\n\t\t\t\t\t\t\t\t<\/div>\n\t\t\t\t<\/div>\n\t\t\t\t\t<\/div>\n\t\t<\/div>\n\t\t\t\t\t<\/div>\n\t\t<\/section>\n\t\t\t\t<section class=\"elementor-section elementor-top-section elementor-element elementor-element-7ab85f2 elementor-section-full_width left right elementor-section-height-default elementor-section-height-default\" data-id=\"7ab85f2\" data-element_type=\"section\" data-e-type=\"section\">\n\t\t\t\t\t\t<div class=\"elementor-container elementor-column-gap-default\">\n\t\t\t\t\t<div class=\"elementor-column elementor-col-100 elementor-top-column elementor-element elementor-element-42b636e\" data-id=\"42b636e\" data-element_type=\"column\" data-e-type=\"column\">\n\t\t\t<div class=\"elementor-widget-wrap elementor-element-populated\">\n\t\t\t\t\t\t<div class=\"elementor-element elementor-element-f1fb519 elementor-widget elementor-widget-ee-breadcrumbs\" data-id=\"f1fb519\" data-element_type=\"widget\" data-e-type=\"widget\" data-widget_type=\"ee-breadcrumbs.default\">\n\t\t\t\t<div class=\"elementor-widget-container\">\n\t\t\t\t\t<ul class=\"ee-breadcrumbs\" itemscope=\"\" itemtype=\"http:\/\/schema.org\/BreadcrumbList\"><\/ul>\t\t\t\t<\/div>\n\t\t\t\t<\/div>\n\t\t\t\t\t<\/div>\n\t\t<\/div>\n\t\t\t\t\t<\/div>\n\t\t<\/section>\n\t\t\t\t<section class=\"elementor-section elementor-top-section elementor-element elementor-element-bd68e6d elementor-section-stretched elementor-section-full_width linkcolorblue elementor-section-height-default elementor-section-height-default\" data-id=\"bd68e6d\" data-element_type=\"section\" data-e-type=\"section\" data-settings=\"{&quot;stretch_section&quot;:&quot;section-stretched&quot;,&quot;background_background&quot;:&quot;classic&quot;}\">\n\t\t\t\t\t\t<div class=\"elementor-container elementor-column-gap-default\">\n\t\t\t\t\t<div class=\"elementor-column elementor-col-100 elementor-top-column elementor-element elementor-element-c60ff27\" data-id=\"c60ff27\" data-element_type=\"column\" data-e-type=\"column\">\n\t\t\t<div class=\"elementor-widget-wrap elementor-element-populated\">\n\t\t\t\t\t\t<div class=\"elementor-element elementor-element-1e58eec elementor-widget elementor-widget-spacer\" data-id=\"1e58eec\" data-element_type=\"widget\" data-e-type=\"widget\" data-widget_type=\"spacer.default\">\n\t\t\t\t<div class=\"elementor-widget-container\">\n\t\t\t\t\t\t\t<div class=\"elementor-spacer\">\n\t\t\t<div class=\"elementor-spacer-inner\"><\/div>\n\t\t<\/div>\n\t\t\t\t\t\t<\/div>\n\t\t\t\t<\/div>\n\t\t\t\t\t<\/div>\n\t\t<\/div>\n\t\t\t\t\t<\/div>\n\t\t<\/section>\n\t\t\t\t<\/div>\n\t\t","protected":false},"excerpt":{"rendered":"<p>Le paysage m\u00e9diatique traditionnel vacille dangereusement. Les m\u00e9dias du service public, en particulier, sont mis sous pression, que ce soit par des gouvernements autoritaires ou populistes, des entreprises de m\u00e9dias purement orient\u00e9es vers le profit ou des g\u00e9ants de l&#8217;Internet et des m\u00e9dias sociaux.<\/p>\n","protected":false},"author":10,"featured_media":27737,"comment_status":"closed","ping_status":"open","sticky":false,"template":"elementor_header_footer","format":"standard","meta":{"_acf_changed":false,"inline_featured_image":false,"footnotes":""},"categories":[221],"tags":[],"class_list":["post-28680","post","type-post","status-publish","format-standard","has-post-thumbnail","hentry","category-points-de-vue"],"acf":[],"yoast_head":"<!-- This site is optimized with the Yoast SEO plugin v27.4 - https:\/\/yoast.com\/product\/yoast-seo-wordpress\/ -->\n<title>Les m\u00e9dias du service public sous pression - open up<\/title>\n<meta name=\"description\" content=\"Le paysage m\u00e9diatique traditionnel vacille dangereusement. Les m\u00e9dias du service public, en particulier, sont mis sous pression, que ce soit par des gouvernements autoritaires ou populistes, des entreprises de m\u00e9dias purement orient\u00e9es vers le profit ou des g\u00e9ants de l&#039;Internet et des m\u00e9dias sociaux.\" \/>\n<meta name=\"robots\" content=\"index, follow, max-snippet:-1, max-image-preview:large, max-video-preview:-1\" \/>\n<link rel=\"canonical\" href=\"https:\/\/www.open-up.ch\/fr\/les-medias-du-service-public-sous-pression\/\" \/>\n<meta property=\"og:locale\" content=\"fr_FR\" \/>\n<meta property=\"og:type\" content=\"article\" \/>\n<meta property=\"og:title\" content=\"Les m\u00e9dias du service public sous pression - open up\" \/>\n<meta property=\"og:description\" content=\"Le paysage m\u00e9diatique traditionnel vacille dangereusement. Les m\u00e9dias du service public, en particulier, sont mis sous pression, que ce soit par des gouvernements autoritaires ou populistes, des entreprises de m\u00e9dias purement orient\u00e9es vers le profit ou des g\u00e9ants de l&#039;Internet et des m\u00e9dias sociaux.\" \/>\n<meta property=\"og:url\" content=\"https:\/\/www.open-up.ch\/fr\/les-medias-du-service-public-sous-pression\/\" \/>\n<meta property=\"og:site_name\" content=\"open up\" \/>\n<meta property=\"article:published_time\" content=\"2022-04-06T13:38:40+00:00\" \/>\n<meta property=\"article:modified_time\" content=\"2022-10-06T12:39:21+00:00\" \/>\n<meta property=\"og:image\" content=\"https:\/\/www.open-up.ch\/wp-content\/uploads\/2022\/04\/sichtweise-fb.jpg\" \/>\n\t<meta property=\"og:image:width\" content=\"1254\" \/>\n\t<meta property=\"og:image:height\" content=\"836\" \/>\n\t<meta property=\"og:image:type\" content=\"image\/jpeg\" \/>\n<meta name=\"author\" content=\"open up redaktor\" \/>\n<meta name=\"twitter:card\" content=\"summary_large_image\" \/>\n<meta name=\"twitter:label1\" content=\"\u00c9crit par\" \/>\n\t<meta name=\"twitter:data1\" content=\"open up redaktor\" \/>\n\t<meta name=\"twitter:label2\" content=\"Dur\u00e9e de lecture estim\u00e9e\" \/>\n\t<meta name=\"twitter:data2\" content=\"4 minutes\" \/>\n<!-- \/ Yoast SEO plugin. -->","yoast_head_json":{"title":"Les m\u00e9dias du service public sous pression - open up","description":"Le paysage m\u00e9diatique traditionnel vacille dangereusement. Les m\u00e9dias du service public, en particulier, sont mis sous pression, que ce soit par des gouvernements autoritaires ou populistes, des entreprises de m\u00e9dias purement orient\u00e9es vers le profit ou des g\u00e9ants de l'Internet et des m\u00e9dias sociaux.","robots":{"index":"index","follow":"follow","max-snippet":"max-snippet:-1","max-image-preview":"max-image-preview:large","max-video-preview":"max-video-preview:-1"},"canonical":"https:\/\/www.open-up.ch\/fr\/les-medias-du-service-public-sous-pression\/","og_locale":"fr_FR","og_type":"article","og_title":"Les m\u00e9dias du service public sous pression - open up","og_description":"Le paysage m\u00e9diatique traditionnel vacille dangereusement. Les m\u00e9dias du service public, en particulier, sont mis sous pression, que ce soit par des gouvernements autoritaires ou populistes, des entreprises de m\u00e9dias purement orient\u00e9es vers le profit ou des g\u00e9ants de l'Internet et des m\u00e9dias sociaux.","og_url":"https:\/\/www.open-up.ch\/fr\/les-medias-du-service-public-sous-pression\/","og_site_name":"open up","article_published_time":"2022-04-06T13:38:40+00:00","article_modified_time":"2022-10-06T12:39:21+00:00","og_image":[{"width":1254,"height":836,"url":"https:\/\/www.open-up.ch\/wp-content\/uploads\/2022\/04\/sichtweise-fb.jpg","type":"image\/jpeg"}],"author":"open up redaktor","twitter_card":"summary_large_image","twitter_misc":{"\u00c9crit par":"open up redaktor","Dur\u00e9e de lecture estim\u00e9e":"4 minutes"},"schema":{"@context":"https:\/\/schema.org","@graph":[{"@type":"Article","@id":"https:\/\/www.open-up.ch\/fr\/les-medias-du-service-public-sous-pression\/#article","isPartOf":{"@id":"https:\/\/www.open-up.ch\/fr\/les-medias-du-service-public-sous-pression\/"},"author":{"name":"open up redaktor","@id":"https:\/\/www.open-up.ch\/en\/#\/schema\/person\/91cebb94e3a22b2f5b0df4707bfe471c"},"headline":"Les m\u00e9dias du service public sous pression","datePublished":"2022-04-06T13:38:40+00:00","dateModified":"2022-10-06T12:39:21+00:00","mainEntityOfPage":{"@id":"https:\/\/www.open-up.ch\/fr\/les-medias-du-service-public-sous-pression\/"},"wordCount":771,"image":{"@id":"https:\/\/www.open-up.ch\/fr\/les-medias-du-service-public-sous-pression\/#primaryimage"},"thumbnailUrl":"https:\/\/www.open-up.ch\/wp-content\/uploads\/2022\/04\/sichtweise-fb.jpg","articleSection":["Points de vue"],"inLanguage":"fr-FR"},{"@type":"WebPage","@id":"https:\/\/www.open-up.ch\/fr\/les-medias-du-service-public-sous-pression\/","url":"https:\/\/www.open-up.ch\/fr\/les-medias-du-service-public-sous-pression\/","name":"Les m\u00e9dias du service public sous pression - open up","isPartOf":{"@id":"https:\/\/www.open-up.ch\/en\/#website"},"primaryImageOfPage":{"@id":"https:\/\/www.open-up.ch\/fr\/les-medias-du-service-public-sous-pression\/#primaryimage"},"image":{"@id":"https:\/\/www.open-up.ch\/fr\/les-medias-du-service-public-sous-pression\/#primaryimage"},"thumbnailUrl":"https:\/\/www.open-up.ch\/wp-content\/uploads\/2022\/04\/sichtweise-fb.jpg","datePublished":"2022-04-06T13:38:40+00:00","dateModified":"2022-10-06T12:39:21+00:00","author":{"@id":"https:\/\/www.open-up.ch\/en\/#\/schema\/person\/91cebb94e3a22b2f5b0df4707bfe471c"},"description":"Le paysage m\u00e9diatique traditionnel vacille dangereusement. Les m\u00e9dias du service public, en particulier, sont mis sous pression, que ce soit par des gouvernements autoritaires ou populistes, des entreprises de m\u00e9dias purement orient\u00e9es vers le profit ou des g\u00e9ants de l'Internet et des m\u00e9dias sociaux.","breadcrumb":{"@id":"https:\/\/www.open-up.ch\/fr\/les-medias-du-service-public-sous-pression\/#breadcrumb"},"inLanguage":"fr-FR","potentialAction":[{"@type":"ReadAction","target":["https:\/\/www.open-up.ch\/fr\/les-medias-du-service-public-sous-pression\/"]}]},{"@type":"ImageObject","inLanguage":"fr-FR","@id":"https:\/\/www.open-up.ch\/fr\/les-medias-du-service-public-sous-pression\/#primaryimage","url":"https:\/\/www.open-up.ch\/wp-content\/uploads\/2022\/04\/sichtweise-fb.jpg","contentUrl":"https:\/\/www.open-up.ch\/wp-content\/uploads\/2022\/04\/sichtweise-fb.jpg","width":1254,"height":836,"caption":"Old Televisions outdoors - All images from my portfolio - Added some grain."},{"@type":"BreadcrumbList","@id":"https:\/\/www.open-up.ch\/fr\/les-medias-du-service-public-sous-pression\/#breadcrumb","itemListElement":[{"@type":"ListItem","position":1,"name":"Home","item":"https:\/\/www.open-up.ch\/fr\/"},{"@type":"ListItem","position":2,"name":"Les m\u00e9dias du service public sous pression"}]},{"@type":"WebSite","@id":"https:\/\/www.open-up.ch\/en\/#website","url":"https:\/\/www.open-up.ch\/en\/","name":"open up","description":"","potentialAction":[{"@type":"SearchAction","target":{"@type":"EntryPoint","urlTemplate":"https:\/\/www.open-up.ch\/en\/?s={search_term_string}"},"query-input":{"@type":"PropertyValueSpecification","valueRequired":true,"valueName":"search_term_string"}}],"inLanguage":"fr-FR"},{"@type":"Person","@id":"https:\/\/www.open-up.ch\/en\/#\/schema\/person\/91cebb94e3a22b2f5b0df4707bfe471c","name":"open up redaktor","url":"https:\/\/www.open-up.ch\/fr\/author\/open-up-redaktor\/"}]}},"_links":{"self":[{"href":"https:\/\/www.open-up.ch\/fr\/wp-json\/wp\/v2\/posts\/28680","targetHints":{"allow":["GET"]}}],"collection":[{"href":"https:\/\/www.open-up.ch\/fr\/wp-json\/wp\/v2\/posts"}],"about":[{"href":"https:\/\/www.open-up.ch\/fr\/wp-json\/wp\/v2\/types\/post"}],"author":[{"embeddable":true,"href":"https:\/\/www.open-up.ch\/fr\/wp-json\/wp\/v2\/users\/10"}],"replies":[{"embeddable":true,"href":"https:\/\/www.open-up.ch\/fr\/wp-json\/wp\/v2\/comments?post=28680"}],"version-history":[{"count":2,"href":"https:\/\/www.open-up.ch\/fr\/wp-json\/wp\/v2\/posts\/28680\/revisions"}],"predecessor-version":[{"id":30620,"href":"https:\/\/www.open-up.ch\/fr\/wp-json\/wp\/v2\/posts\/28680\/revisions\/30620"}],"wp:featuredmedia":[{"embeddable":true,"href":"https:\/\/www.open-up.ch\/fr\/wp-json\/wp\/v2\/media\/27737"}],"wp:attachment":[{"href":"https:\/\/www.open-up.ch\/fr\/wp-json\/wp\/v2\/media?parent=28680"}],"wp:term":[{"taxonomy":"category","embeddable":true,"href":"https:\/\/www.open-up.ch\/fr\/wp-json\/wp\/v2\/categories?post=28680"},{"taxonomy":"post_tag","embeddable":true,"href":"https:\/\/www.open-up.ch\/fr\/wp-json\/wp\/v2\/tags?post=28680"}],"curies":[{"name":"wp","href":"https:\/\/api.w.org\/{rel}","templated":true}]}}