{"id":32821,"date":"2023-03-29T07:57:01","date_gmt":"2023-03-29T07:57:01","guid":{"rendered":"https:\/\/www.open-up.ch\/le-service-de-psychiatrie-de-lucerne-et-open-up-abordent-la-ques-tion-du-suicide\/"},"modified":"2023-04-04T15:05:09","modified_gmt":"2023-04-04T15:05:09","slug":"le-service-de-psychiatrie-de-lucerne-et-open-up-abordent-la-question-du-suicide","status":"publish","type":"post","link":"https:\/\/www.open-up.ch\/fr\/le-service-de-psychiatrie-de-lucerne-et-open-up-abordent-la-question-du-suicide\/","title":{"rendered":"Le Service de psychiatrie de Lucerne et open up abordent la question du suicide"},"content":{"rendered":"\t\t<div data-elementor-type=\"wp-post\" data-elementor-id=\"32821\" class=\"elementor elementor-32821 elementor-32590\" data-elementor-post-type=\"post\">\n\t\t\t\t\t\t<section class=\"elementor-section elementor-top-section elementor-element elementor-element-0fc1cba left right elementor-section-full_width elementor-section-height-default elementor-section-height-default\" data-id=\"0fc1cba\" data-element_type=\"section\" data-e-type=\"section\">\n\t\t\t\t\t\t<div class=\"elementor-container elementor-column-gap-default\">\n\t\t\t\t\t<div class=\"elementor-column elementor-col-100 elementor-top-column elementor-element elementor-element-6c33fa1\" data-id=\"6c33fa1\" data-element_type=\"column\" data-e-type=\"column\">\n\t\t\t<div class=\"elementor-widget-wrap\">\n\t\t\t\t\t\t\t<\/div>\n\t\t<\/div>\n\t\t\t\t\t<\/div>\n\t\t<\/section>\n\t\t\t\t<section class=\"elementor-section elementor-top-section elementor-element elementor-element-6b46a43 elementor-section-full_width left right headf elementor-section-height-default elementor-section-height-default\" data-id=\"6b46a43\" data-element_type=\"section\" data-e-type=\"section\" data-settings=\"{&quot;background_background&quot;:&quot;classic&quot;}\">\n\t\t\t\t\t\t<div class=\"elementor-container elementor-column-gap-default\">\n\t\t\t\t\t<div class=\"elementor-column elementor-col-100 elementor-top-column elementor-element elementor-element-e3748fa\" data-id=\"e3748fa\" data-element_type=\"column\" data-e-type=\"column\">\n\t\t\t<div class=\"elementor-widget-wrap elementor-element-populated\">\n\t\t\t\t\t\t<div class=\"elementor-element elementor-element-f759a7e elementor-widget elementor-widget-image\" data-id=\"f759a7e\" data-element_type=\"widget\" data-e-type=\"widget\" data-widget_type=\"image.default\">\n\t\t\t\t<div class=\"elementor-widget-container\">\n\t\t\t\t\t\t\t\t\t\t\t\t\t\t\t<img fetchpriority=\"high\" decoding=\"async\" width=\"960\" height=\"640\" src=\"https:\/\/www.open-up.ch\/wp-content\/uploads\/2023\/03\/people-2559723-960-720.jpg\" class=\"attachment-full size-full wp-image-32410\" alt=\"\" srcset=\"https:\/\/www.open-up.ch\/wp-content\/uploads\/2023\/03\/people-2559723-960-720.jpg 960w, https:\/\/www.open-up.ch\/wp-content\/uploads\/2023\/03\/people-2559723-960-720-300x200.jpg 300w, https:\/\/www.open-up.ch\/wp-content\/uploads\/2023\/03\/people-2559723-960-720-768x512.jpg 768w\" sizes=\"(max-width: 960px) 100vw, 960px\" \/>\t\t\t\t\t\t\t\t\t\t\t\t\t\t\t<\/div>\n\t\t\t\t<\/div>\n\t\t\t\t<div class=\"elementor-element elementor-element-aa8a5e4 elementor-widget elementor-widget-text-editor\" data-id=\"aa8a5e4\" data-element_type=\"widget\" data-e-type=\"widget\" data-widget_type=\"text-editor.default\">\n\t\t\t\t<div class=\"elementor-widget-container\">\n\t\t\t\t\t\t\t\t\t<p>30.03.2023 |<\/p>\n<h2><strong>Le Service de psychiatrie de Lucerne et open up abordent la question du suicide<\/strong><\/h2>\n<h2><strong>\u00a0<\/strong><\/h2>\n\t\t\t\t\t\t\t\t<\/div>\n\t\t\t\t<\/div>\n\t\t\t\t\t<\/div>\n\t\t<\/div>\n\t\t\t\t\t<\/div>\n\t\t<\/section>\n\t\t\t\t<section class=\"elementor-section elementor-top-section elementor-element elementor-element-18c8e70 elementor-section-full_width left right elementor-section-height-default elementor-section-height-default\" data-id=\"18c8e70\" data-element_type=\"section\" data-e-type=\"section\" data-settings=\"{&quot;background_background&quot;:&quot;classic&quot;}\">\n\t\t\t\t\t\t<div class=\"elementor-container elementor-column-gap-default\">\n\t\t\t\t\t<div class=\"elementor-column elementor-col-100 elementor-top-column elementor-element elementor-element-0bb7fc7\" data-id=\"0bb7fc7\" data-element_type=\"column\" data-e-type=\"column\">\n\t\t\t<div class=\"elementor-widget-wrap elementor-element-populated\">\n\t\t\t\t\t\t<div class=\"elementor-element elementor-element-3e0e51c elementor-widget elementor-widget-text-editor\" data-id=\"3e0e51c\" data-element_type=\"widget\" data-e-type=\"widget\" data-widget_type=\"text-editor.default\">\n\t\t\t\t<div class=\"elementor-widget-container\">\n\t\t\t\t\t\t\t\t\t<p><strong>Parler ouvertement de ses pens\u00e9es suicidaires vous lie \u00e0 la vie &#8211; tel est le message central de la nouvelle vid\u00e9o des campagnes du projet de pr\u00e9vention du suicide SERO. open up l\u2019a r\u00e9alis\u00e9 en collaboration avec la Luzerner Psychiatrie AG, la fondation Pro Mente Sana et le photographe Valeriano Di Domenico. L\u2019agence a \u00e9galement soutenu SERO dans sa communication globale.<\/strong><\/p><p>Chaque ann\u00e9e, 1 000 suicides et 33 000 tentatives de suicide ont lieu en Suisse. Le projet SERO (Pr\u00e9vention du suicide organis\u00e9e de mani\u00e8re uniforme au niveau r\u00e9gional) en Suisse centrale vise \u00e0 lutter contre ce ph\u00e9nom\u00e8ne. SERO est un projet de Luzerner Psychiatrie AG (lups), lanc\u00e9 en collaboration avec Promotion Sant\u00e9 Suisse et d\u2019autres organisations responsables et partenaires.<\/p><p>L\u2019agence de communication open up a accompagn\u00e9 le projet SERO dans les domaines du travail avec les m\u00e9dias et de la cr\u00e9ation de contenus. Au cours des derniers mois, diff\u00e9rents portraits de personnes ayant des pens\u00e9es suicidaires et de leurs proches ont \u00e9t\u00e9 publi\u00e9s dans les m\u00e9dias de Suisse centrale.<\/p><p><strong>Messages directs et faciles \u00e0 retenir<br \/><\/strong>Afin de sensibiliser au th\u00e8me de la pr\u00e9vention du suicide, le service de psychiatrie de Lucerne, Pro Mente Sana, open up et le photographe Valeriano Di Domenico ont r\u00e9alis\u00e9 une vid\u00e9o de campagne. open up s\u2019est charg\u00e9 de la conception, du sc\u00e9nario, de la r\u00e9alisation et du suivi de la post-production.<\/p><p>Avec des d\u00e9clarations accrocheuses directement adress\u00e9es \u00e0 la cam\u00e9ra, les protagonistes de la vid\u00e9o SERO plaident pour une approche plus ouverte du th\u00e8me du suicide. Des personnes concern\u00e9es, des proches et le m\u00e9decin-chef des services ambulatoires du Service de psychiatrie de Lucerne prennent la parole. Caroline Chevin participe \u00e9galement. La chanteuse de soul a perdu son mari par suicide il y a cinq ans. En tant qu\u2019ambassadrice de SERO, elle s\u2019engage dans la pr\u00e9vention \u00e0 diff\u00e9rents niveaux.<\/p>\t\t\t\t\t\t\t\t<\/div>\n\t\t\t\t<\/div>\n\t\t\t\t<div class=\"elementor-element elementor-element-3035ecf elementor-widget elementor-widget-text-editor\" data-id=\"3035ecf\" data-element_type=\"widget\" data-e-type=\"widget\" data-widget_type=\"text-editor.default\">\n\t\t\t\t<div class=\"elementor-widget-container\">\n\t\t\t\t\t\t\t\t\t<p>La vid\u00e9o sera diffus\u00e9e dans les mois \u00e0 venir sur diff\u00e9rents canaux du projet SERO ainsi que sur ceux des partenaires et des soutiens. Elle peut \u00eatre visionn\u00e9e ici:<\/p>\n\t\t\t\t\t\t\t\t<\/div>\n\t\t\t\t<\/div>\n\t\t\t\t<div class=\"elementor-element elementor-element-59d774e elementor-widget elementor-widget-image\" data-id=\"59d774e\" data-element_type=\"widget\" data-e-type=\"widget\" data-widget_type=\"image.default\">\n\t\t\t\t<div class=\"elementor-widget-container\">\n\t\t\t\t\t\t\t\t\t\t\t\t\t\t\t\t<a href=\"https:\/\/sero-suizidpraevention.ch\/betroffene-angehorige-interessierte\/\" target=\"_blank\">\n\t\t\t\t\t\t\t<img decoding=\"async\" width=\"804\" height=\"454\" src=\"https:\/\/www.open-up.ch\/wp-content\/uploads\/2023\/03\/pro-mente-sana-content-creation.jpg\" class=\"attachment-full size-full wp-image-32570\" alt=\"\" srcset=\"https:\/\/www.open-up.ch\/wp-content\/uploads\/2023\/03\/pro-mente-sana-content-creation.jpg 804w, https:\/\/www.open-up.ch\/wp-content\/uploads\/2023\/03\/pro-mente-sana-content-creation-300x169.jpg 300w, https:\/\/www.open-up.ch\/wp-content\/uploads\/2023\/03\/pro-mente-sana-content-creation-768x434.jpg 768w\" sizes=\"(max-width: 804px) 100vw, 804px\" \/>\t\t\t\t\t\t\t\t<\/a>\n\t\t\t\t\t\t\t\t\t\t\t\t\t\t\t<\/div>\n\t\t\t\t<\/div>\n\t\t\t\t\t<\/div>\n\t\t<\/div>\n\t\t\t\t\t<\/div>\n\t\t<\/section>\n\t\t\t\t<section class=\"elementor-section elementor-top-section elementor-element elementor-element-7ab85f2 elementor-section-full_width left right elementor-section-height-default elementor-section-height-default\" data-id=\"7ab85f2\" data-element_type=\"section\" data-e-type=\"section\">\n\t\t\t\t\t\t<div class=\"elementor-container elementor-column-gap-default\">\n\t\t\t\t\t<div class=\"elementor-column elementor-col-100 elementor-top-column elementor-element elementor-element-42b636e\" data-id=\"42b636e\" data-element_type=\"column\" data-e-type=\"column\">\n\t\t\t<div class=\"elementor-widget-wrap elementor-element-populated\">\n\t\t\t\t\t\t<div class=\"elementor-element elementor-element-f1fb519 elementor-widget elementor-widget-ee-breadcrumbs\" data-id=\"f1fb519\" data-element_type=\"widget\" data-e-type=\"widget\" data-widget_type=\"ee-breadcrumbs.default\">\n\t\t\t\t<div class=\"elementor-widget-container\">\n\t\t\t\t\t<ul class=\"ee-breadcrumbs\" itemscope=\"\" itemtype=\"http:\/\/schema.org\/BreadcrumbList\"><\/ul>\t\t\t\t<\/div>\n\t\t\t\t<\/div>\n\t\t\t\t\t<\/div>\n\t\t<\/div>\n\t\t\t\t\t<\/div>\n\t\t<\/section>\n\t\t\t\t<section class=\"elementor-section elementor-top-section elementor-element elementor-element-bd68e6d elementor-section-stretched elementor-section-full_width linkcolorblue elementor-section-height-default elementor-section-height-default\" data-id=\"bd68e6d\" data-element_type=\"section\" data-e-type=\"section\" data-settings=\"{&quot;stretch_section&quot;:&quot;section-stretched&quot;,&quot;background_background&quot;:&quot;classic&quot;}\">\n\t\t\t\t\t\t<div class=\"elementor-container elementor-column-gap-default\">\n\t\t\t\t\t<div class=\"elementor-column elementor-col-100 elementor-top-column elementor-element elementor-element-c60ff27\" data-id=\"c60ff27\" data-element_type=\"column\" data-e-type=\"column\">\n\t\t\t<div class=\"elementor-widget-wrap elementor-element-populated\">\n\t\t\t\t\t\t<div class=\"elementor-element elementor-element-1e58eec elementor-widget elementor-widget-spacer\" data-id=\"1e58eec\" data-element_type=\"widget\" data-e-type=\"widget\" data-widget_type=\"spacer.default\">\n\t\t\t\t<div class=\"elementor-widget-container\">\n\t\t\t\t\t\t\t<div class=\"elementor-spacer\">\n\t\t\t<div class=\"elementor-spacer-inner\"><\/div>\n\t\t<\/div>\n\t\t\t\t\t\t<\/div>\n\t\t\t\t<\/div>\n\t\t\t\t\t<\/div>\n\t\t<\/div>\n\t\t\t\t\t<\/div>\n\t\t<\/section>\n\t\t\t\t<\/div>\n\t\t","protected":false},"excerpt":{"rendered":"<p>Parler ouvertement de ses pens\u00e9es suicidaires vous lie \u00e0 la vie &#8211; tel est le message central de la nouvelle vid\u00e9o des campagnes du projet de pr\u00e9vention du suicide SERO. <\/p>\n","protected":false},"author":10,"featured_media":32410,"comment_status":"closed","ping_status":"open","sticky":false,"template":"elementor_header_footer","format":"standard","meta":{"_acf_changed":false,"inline_featured_image":false,"footnotes":""},"categories":[228],"tags":[],"class_list":["post-32821","post","type-post","status-publish","format-standard","has-post-thumbnail","hentry","category-en-ce-qui-nous-concerne"],"acf":[],"yoast_head":"<!-- This site is optimized with the Yoast SEO plugin v28.4 - https:\/\/yoast.com\/product\/yoast-seo-wordpress\/ -->\n<title>Le Service de psychiatrie de Lucerne et open up abordent la question du suicide - open up %<\/title>\n<meta name=\"description\" content=\"Parler ouvertement de ses pens\u00e9es suicidaires vous lie \u00e0 la vie - tel est le message central de la nouvelle vid\u00e9o des campagnes du projet de pr\u00e9vention du suicide SERO.\" \/>\n<meta name=\"robots\" content=\"index, follow, max-snippet:-1, max-image-preview:large, max-video-preview:-1\" \/>\n<link rel=\"canonical\" href=\"https:\/\/www.open-up.ch\/fr\/le-service-de-psychiatrie-de-lucerne-et-open-up-abordent-la-question-du-suicide\/\" \/>\n<meta property=\"og:locale\" content=\"fr_FR\" \/>\n<meta property=\"og:type\" content=\"article\" \/>\n<meta property=\"og:title\" content=\"Le Service de psychiatrie de Lucerne et open up abordent la question du suicide - open up %\" \/>\n<meta property=\"og:description\" content=\"Parler ouvertement de ses pens\u00e9es suicidaires vous lie \u00e0 la vie - tel est le message central de la nouvelle vid\u00e9o des campagnes du projet de pr\u00e9vention du suicide SERO.\" \/>\n<meta property=\"og:url\" content=\"https:\/\/www.open-up.ch\/fr\/le-service-de-psychiatrie-de-lucerne-et-open-up-abordent-la-question-du-suicide\/\" \/>\n<meta property=\"og:site_name\" content=\"open up\" \/>\n<meta property=\"article:published_time\" content=\"2023-03-29T07:57:01+00:00\" \/>\n<meta property=\"article:modified_time\" content=\"2023-04-04T15:05:09+00:00\" \/>\n<meta property=\"og:image\" content=\"https:\/\/www.open-up.ch\/wp-content\/uploads\/2023\/03\/people-2559723-960-720.jpg\" \/>\n\t<meta property=\"og:image:width\" content=\"960\" \/>\n\t<meta property=\"og:image:height\" content=\"640\" \/>\n\t<meta property=\"og:image:type\" content=\"image\/jpeg\" \/>\n<meta name=\"author\" content=\"open up redaktor\" \/>\n<meta name=\"twitter:card\" content=\"summary_large_image\" \/>\n<meta name=\"twitter:label1\" content=\"\u00c9crit par\" \/>\n\t<meta name=\"twitter:data1\" content=\"open up redaktor\" \/>\n\t<meta name=\"twitter:label2\" content=\"Dur\u00e9e de lecture estim\u00e9e\" \/>\n\t<meta name=\"twitter:data2\" content=\"3 minutes\" \/>\n<!-- \/ Yoast SEO plugin. -->","yoast_head_json":{"title":"Le Service de psychiatrie de Lucerne et open up abordent la question du suicide - open up %","description":"Parler ouvertement de ses pens\u00e9es suicidaires vous lie \u00e0 la vie - tel est le message central de la nouvelle vid\u00e9o des campagnes du projet de pr\u00e9vention du suicide SERO.","robots":{"index":"index","follow":"follow","max-snippet":"max-snippet:-1","max-image-preview":"max-image-preview:large","max-video-preview":"max-video-preview:-1"},"canonical":"https:\/\/www.open-up.ch\/fr\/le-service-de-psychiatrie-de-lucerne-et-open-up-abordent-la-question-du-suicide\/","og_locale":"fr_FR","og_type":"article","og_title":"Le Service de psychiatrie de Lucerne et open up abordent la question du suicide - open up %","og_description":"Parler ouvertement de ses pens\u00e9es suicidaires vous lie \u00e0 la vie - tel est le message central de la nouvelle vid\u00e9o des campagnes du projet de pr\u00e9vention du suicide SERO.","og_url":"https:\/\/www.open-up.ch\/fr\/le-service-de-psychiatrie-de-lucerne-et-open-up-abordent-la-question-du-suicide\/","og_site_name":"open up","article_published_time":"2023-03-29T07:57:01+00:00","article_modified_time":"2023-04-04T15:05:09+00:00","og_image":[{"width":960,"height":640,"url":"https:\/\/www.open-up.ch\/wp-content\/uploads\/2023\/03\/people-2559723-960-720.jpg","type":"image\/jpeg"}],"author":"open up redaktor","twitter_card":"summary_large_image","twitter_misc":{"\u00c9crit par":"open up redaktor","Dur\u00e9e de lecture estim\u00e9e":"3 minutes"},"schema":{"@context":"https:\/\/schema.org","@graph":[{"@type":"Article","@id":"https:\/\/www.open-up.ch\/fr\/le-service-de-psychiatrie-de-lucerne-et-open-up-abordent-la-question-du-suicide\/#article","isPartOf":{"@id":"https:\/\/www.open-up.ch\/fr\/le-service-de-psychiatrie-de-lucerne-et-open-up-abordent-la-question-du-suicide\/"},"author":{"name":"open up redaktor","@id":"https:\/\/www.open-up.ch\/en\/#\/schema\/person\/91cebb94e3a22b2f5b0df4707bfe471c"},"headline":"Le Service de psychiatrie de Lucerne et open up abordent la question du suicide","datePublished":"2023-03-29T07:57:01+00:00","dateModified":"2023-04-04T15:05:09+00:00","mainEntityOfPage":{"@id":"https:\/\/www.open-up.ch\/fr\/le-service-de-psychiatrie-de-lucerne-et-open-up-abordent-la-question-du-suicide\/"},"wordCount":395,"image":{"@id":"https:\/\/www.open-up.ch\/fr\/le-service-de-psychiatrie-de-lucerne-et-open-up-abordent-la-question-du-suicide\/#primaryimage"},"thumbnailUrl":"https:\/\/www.open-up.ch\/wp-content\/uploads\/2023\/03\/people-2559723-960-720.jpg","articleSection":["En ce qui nous concerne"],"inLanguage":"fr-FR"},{"@type":"WebPage","@id":"https:\/\/www.open-up.ch\/fr\/le-service-de-psychiatrie-de-lucerne-et-open-up-abordent-la-question-du-suicide\/","url":"https:\/\/www.open-up.ch\/fr\/le-service-de-psychiatrie-de-lucerne-et-open-up-abordent-la-question-du-suicide\/","name":"Le Service de psychiatrie de Lucerne et open up abordent la question du suicide - open up %","isPartOf":{"@id":"https:\/\/www.open-up.ch\/en\/#website"},"primaryImageOfPage":{"@id":"https:\/\/www.open-up.ch\/fr\/le-service-de-psychiatrie-de-lucerne-et-open-up-abordent-la-question-du-suicide\/#primaryimage"},"image":{"@id":"https:\/\/www.open-up.ch\/fr\/le-service-de-psychiatrie-de-lucerne-et-open-up-abordent-la-question-du-suicide\/#primaryimage"},"thumbnailUrl":"https:\/\/www.open-up.ch\/wp-content\/uploads\/2023\/03\/people-2559723-960-720.jpg","datePublished":"2023-03-29T07:57:01+00:00","dateModified":"2023-04-04T15:05:09+00:00","author":{"@id":"https:\/\/www.open-up.ch\/en\/#\/schema\/person\/91cebb94e3a22b2f5b0df4707bfe471c"},"description":"Parler ouvertement de ses pens\u00e9es suicidaires vous lie \u00e0 la vie - tel est le message central de la nouvelle vid\u00e9o des campagnes du projet de pr\u00e9vention du suicide SERO.","breadcrumb":{"@id":"https:\/\/www.open-up.ch\/fr\/le-service-de-psychiatrie-de-lucerne-et-open-up-abordent-la-question-du-suicide\/#breadcrumb"},"inLanguage":"fr-FR","potentialAction":[{"@type":"ReadAction","target":["https:\/\/www.open-up.ch\/fr\/le-service-de-psychiatrie-de-lucerne-et-open-up-abordent-la-question-du-suicide\/"]}]},{"@type":"ImageObject","inLanguage":"fr-FR","@id":"https:\/\/www.open-up.ch\/fr\/le-service-de-psychiatrie-de-lucerne-et-open-up-abordent-la-question-du-suicide\/#primaryimage","url":"https:\/\/www.open-up.ch\/wp-content\/uploads\/2023\/03\/people-2559723-960-720.jpg","contentUrl":"https:\/\/www.open-up.ch\/wp-content\/uploads\/2023\/03\/people-2559723-960-720.jpg","width":960,"height":640},{"@type":"BreadcrumbList","@id":"https:\/\/www.open-up.ch\/fr\/le-service-de-psychiatrie-de-lucerne-et-open-up-abordent-la-question-du-suicide\/#breadcrumb","itemListElement":[{"@type":"ListItem","position":1,"name":"Home","item":"https:\/\/www.open-up.ch\/"},{"@type":"ListItem","position":2,"name":"Le Service de psychiatrie de Lucerne et open up abordent la question du suicide"}]},{"@type":"WebSite","@id":"https:\/\/www.open-up.ch\/en\/#website","url":"https:\/\/www.open-up.ch\/en\/","name":"open up","description":"","potentialAction":[{"@type":"SearchAction","target":{"@type":"EntryPoint","urlTemplate":"https:\/\/www.open-up.ch\/en\/?s={search_term_string}"},"query-input":{"@type":"PropertyValueSpecification","valueRequired":true,"valueName":"search_term_string"}}],"inLanguage":"fr-FR"},{"@type":"Person","@id":"https:\/\/www.open-up.ch\/en\/#\/schema\/person\/91cebb94e3a22b2f5b0df4707bfe471c","name":"open up redaktor","url":"https:\/\/www.open-up.ch\/fr\/author\/open-up-redaktor\/"}]}},"_links":{"self":[{"href":"https:\/\/www.open-up.ch\/fr\/wp-json\/wp\/v2\/posts\/32821","targetHints":{"allow":["GET"]}}],"collection":[{"href":"https:\/\/www.open-up.ch\/fr\/wp-json\/wp\/v2\/posts"}],"about":[{"href":"https:\/\/www.open-up.ch\/fr\/wp-json\/wp\/v2\/types\/post"}],"author":[{"embeddable":true,"href":"https:\/\/www.open-up.ch\/fr\/wp-json\/wp\/v2\/users\/10"}],"replies":[{"embeddable":true,"href":"https:\/\/www.open-up.ch\/fr\/wp-json\/wp\/v2\/comments?post=32821"}],"version-history":[{"count":10,"href":"https:\/\/www.open-up.ch\/fr\/wp-json\/wp\/v2\/posts\/32821\/revisions"}],"predecessor-version":[{"id":32831,"href":"https:\/\/www.open-up.ch\/fr\/wp-json\/wp\/v2\/posts\/32821\/revisions\/32831"}],"wp:featuredmedia":[{"embeddable":true,"href":"https:\/\/www.open-up.ch\/fr\/wp-json\/wp\/v2\/media\/32410"}],"wp:attachment":[{"href":"https:\/\/www.open-up.ch\/fr\/wp-json\/wp\/v2\/media?parent=32821"}],"wp:term":[{"taxonomy":"category","embeddable":true,"href":"https:\/\/www.open-up.ch\/fr\/wp-json\/wp\/v2\/categories?post=32821"},{"taxonomy":"post_tag","embeddable":true,"href":"https:\/\/www.open-up.ch\/fr\/wp-json\/wp\/v2\/tags?post=32821"}],"curies":[{"name":"wp","href":"https:\/\/api.w.org\/{rel}","templated":true}]}}