{"id":39588,"date":"2025-04-16T13:15:19","date_gmt":"2025-04-16T13:15:19","guid":{"rendered":"https:\/\/www.open-up.ch\/la-liberte-de-la-presse-internationale-est-gravement-menacee\/"},"modified":"2025-04-17T14:26:34","modified_gmt":"2025-04-17T14:26:34","slug":"la-liberte-de-la-presse-internationale-est-gravement-menacee","status":"publish","type":"post","link":"https:\/\/www.open-up.ch\/fr\/la-liberte-de-la-presse-internationale-est-gravement-menacee\/","title":{"rendered":"La libert\u00e9 de la presse internationale est gravement menac\u00e9e"},"content":{"rendered":"\t\t<div data-elementor-type=\"wp-post\" data-elementor-id=\"39588\" class=\"elementor elementor-39588 elementor-39570\" data-elementor-post-type=\"post\">\n\t\t\t\t\t\t<section class=\"elementor-section elementor-top-section elementor-element elementor-element-0fc1cba left right elementor-section-full_width elementor-section-height-default elementor-section-height-default\" data-id=\"0fc1cba\" data-element_type=\"section\" data-e-type=\"section\">\n\t\t\t\t\t\t<div class=\"elementor-container elementor-column-gap-default\">\n\t\t\t\t\t<div class=\"elementor-column elementor-col-100 elementor-top-column elementor-element elementor-element-6c33fa1\" data-id=\"6c33fa1\" data-element_type=\"column\" data-e-type=\"column\">\n\t\t\t<div class=\"elementor-widget-wrap elementor-element-populated\">\n\t\t\t\t\t\t<div class=\"elementor-element elementor-element-f759a7e elementor-widget elementor-widget-image\" data-id=\"f759a7e\" data-element_type=\"widget\" data-e-type=\"widget\" data-widget_type=\"image.default\">\n\t\t\t\t<div class=\"elementor-widget-container\">\n\t\t\t\t\t\t\t\t\t\t\t\t\t\t\t<img fetchpriority=\"high\" decoding=\"async\" width=\"719\" height=\"516\" src=\"https:\/\/www.open-up.ch\/wp-content\/uploads\/2025\/04\/alamy-eo-sichtweise-2s4r69e.jpg\" class=\"attachment-full size-full wp-image-39580\" alt=\"\" srcset=\"https:\/\/www.open-up.ch\/wp-content\/uploads\/2025\/04\/alamy-eo-sichtweise-2s4r69e.jpg 719w, https:\/\/www.open-up.ch\/wp-content\/uploads\/2025\/04\/alamy-eo-sichtweise-2s4r69e-300x215.jpg 300w\" sizes=\"(max-width: 719px) 100vw, 719px\" \/>\t\t\t\t\t\t\t\t\t\t\t\t\t\t\t<\/div>\n\t\t\t\t<\/div>\n\t\t\t\t\t<\/div>\n\t\t<\/div>\n\t\t\t\t\t<\/div>\n\t\t<\/section>\n\t\t\t\t<section class=\"elementor-section elementor-top-section elementor-element elementor-element-6b46a43 elementor-section-full_width left right headf elementor-section-height-default elementor-section-height-default\" data-id=\"6b46a43\" data-element_type=\"section\" data-e-type=\"section\" data-settings=\"{&quot;background_background&quot;:&quot;classic&quot;}\">\n\t\t\t\t\t\t<div class=\"elementor-container elementor-column-gap-default\">\n\t\t\t\t\t<div class=\"elementor-column elementor-col-100 elementor-top-column elementor-element elementor-element-e3748fa\" data-id=\"e3748fa\" data-element_type=\"column\" data-e-type=\"column\">\n\t\t\t<div class=\"elementor-widget-wrap elementor-element-populated\">\n\t\t\t\t\t\t<div class=\"elementor-element elementor-element-aa8a5e4 elementor-widget elementor-widget-text-editor\" data-id=\"aa8a5e4\" data-element_type=\"widget\" data-e-type=\"widget\" data-widget_type=\"text-editor.default\">\n\t\t\t\t<div class=\"elementor-widget-container\">\n\t\t\t\t\t\t\t\t\t<p>16.04.2025|<br><\/p>\n<h2><strong><span class=\"TextRun SCXW215145063 BCX8\" lang=\"DE-CH\" xml:lang=\"DE-CH\" data-contrast=\"auto\"><span class=\"NormalTextRun SCXW215145063 BCX8\">La libert\u00e9 de la presse internationale est gravement menac\u00e9e<\/span><\/span><\/strong><\/h2>\t\t\t\t\t\t\t\t<\/div>\n\t\t\t\t<\/div>\n\t\t\t\t\t<\/div>\n\t\t<\/div>\n\t\t\t\t\t<\/div>\n\t\t<\/section>\n\t\t\t\t<section class=\"elementor-section elementor-top-section elementor-element elementor-element-18c8e70 elementor-section-full_width left right elementor-section-height-default elementor-section-height-default\" data-id=\"18c8e70\" data-element_type=\"section\" data-e-type=\"section\" data-settings=\"{&quot;background_background&quot;:&quot;classic&quot;}\">\n\t\t\t\t\t\t<div class=\"elementor-container elementor-column-gap-default\">\n\t\t\t\t\t<div class=\"elementor-column elementor-col-100 elementor-top-column elementor-element elementor-element-0bb7fc7\" data-id=\"0bb7fc7\" data-element_type=\"column\" data-e-type=\"column\">\n\t\t\t<div class=\"elementor-widget-wrap elementor-element-populated\">\n\t\t\t\t\t\t<div class=\"elementor-element elementor-element-3e0e51c elementor-widget elementor-widget-text-editor\" data-id=\"3e0e51c\" data-element_type=\"widget\" data-e-type=\"widget\" data-widget_type=\"text-editor.default\">\n\t\t\t\t<div class=\"elementor-widget-container\">\n\t\t\t\t\t\t\t\t\t<p><strong>Dans de nombreux pays, les stations \u00abRadio Free Europe\u00bb et \u00abVoice of America\u00bb sont les seules sources d\u2019information ind\u00e9pendantes. Aujourd\u2019hui, le gouvernement am\u00e9ricain souhaite couper leur financement, ce qui serait une catastrophe pour la libert\u00e9 de la presse internationale.<\/strong><br><br>\u00c0 la mi-mars&nbsp;2025, l\u2019administration Trump a annonc\u00e9 le d\u00e9mant\u00e8lement de l\u2019agence am\u00e9ricaine pour les m\u00e9dias mondiaux (USAGM). L\u2019USAGM exploite notamment la station de radio \u00abVoice of America\u00bb (VoA) et finance \u00abRadio Free Europe\u00bb ainsi que \u00abRadio Free Asia\u00bb. Ces stations participent au maintien d\u2019un journalisme ind\u00e9pendant dans des pays o\u00f9 la libert\u00e9 de la presse est restreinte. VoA \u00e9met \u00e0 elle seule en 43&nbsp;langues et touche chaque semaine 280&nbsp;millions d\u2019auditeurs et d\u2019auditrices.<br><br>Dans un premier temps, un juge f\u00e9d\u00e9ral new-yorkais a interdit la fermeture de VoA et le licenciement des journalistes qui y travaillaient. Mais ce n\u2019est pas encore la fin de l\u2019histoire. Pourquoi cela vaut-il la peine pour nous, sp\u00e9cialistes de la communication, d\u2019observer ce cas? Parce qu\u2019il montre clairement que la libert\u00e9 de la presse est \u00e9galement menac\u00e9e dans les pays pr\u00e9tendument progressistes, soulignant ainsi l\u2019importance de la d\u00e9fendre.<br><br><strong>Entre propagande et couverture m\u00e9diatique critique<\/strong><br><br>La station de radio VoA a \u00e9t\u00e9 diffus\u00e9e pour la premi\u00e8re fois sur les ondes en 1942. Les premi\u00e8res \u00e9missions \u00e9taient en allemand et constituaient une r\u00e9action directe \u00e0 la propagande de guerre nazie. VoA a \u00e9t\u00e9 fond\u00e9e dans le but de diffuser la \u00abculture libre des \u00c9tats-Unis\u00bb dans le monde entier. Une ambition qui avait pour vocation de favoriser ce que l\u2019on appelle le \u00absoft power\u00bb, c\u2019est-\u00e0-dire l\u2019influence des \u00c9tats-Unis. Et c\u2019est ce qu\u2019a fait cette station en diffusant des actualit\u00e9s, mais aussi du jazz, symbole de la libert\u00e9 totale aux \u00c9tats-Unis.<br><br>Cela ressemble \u00e0 de la propagande. C\u2019est un fait, ces aspects sont inh\u00e9rents aux stations de radio. \u00abRadio Free Europe\u00bb \u00e9tait souvent soup\u00e7onn\u00e9e d\u2019\u00eatre un organe de propagande dirig\u00e9 par la CIA. Certes, elle a d\u2019abord \u00e9t\u00e9 financ\u00e9e par les services secrets. Pourtant, il serait r\u00e9ducteur de qualifier ces stations d\u2019instruments de propagande. Leur histoire est trop complexe pour cela.<br><br><strong>Un r\u00f4le d\u00e9cisif pendant la guerre froide<\/strong><br><br>Pendant la Seconde Guerre mondiale, VoA a \u00e9galement rapport\u00e9 les \u00e9checs de l\u2019arm\u00e9e am\u00e9ricaine au Japon. Plus tard, les prisonniers de guerre japonais ont d\u00e9clar\u00e9 qu\u2019ils croyaient la station en raison de cette couverture transparente et qu\u2019ils l\u2019appr\u00e9ciaient comme source d\u2019information.<br><br>\u00c0 l\u2019\u00e9poque de l\u2019URSS, \u00abRadio Free Europe\u00bb repr\u00e9sentait la seule source d\u2019information libre dans les \u00c9tats satellites de l\u2019Union sovi\u00e9tique. Sa petite s\u0153ur \u00abRadio Liberty\u00bb \u00e9tait en Russie. Lors de la catastrophe de Tchernobyl en 1986, les m\u00e9dias officiels des \u00c9tats du bloc communiste sont rest\u00e9s silencieux pendant des mois. L\u2019auditoire de \u00abRadio Free Europe\u00bb et de \u00abRadio Liberty\u00bb a consid\u00e9rablement augment\u00e9 pendant cette p\u00e9riode. Ces stations ont relay\u00e9 les faits et inform\u00e9 la population sur les moyens de se prot\u00e9ger des radiations.<br><br><strong>Un travail qui reste dangereux et important<\/strong><br><br>Aujourd\u2019hui encore, le travail des stations am\u00e9ricaines internationales est crucial pour la libert\u00e9 de la presse dans le monde. Ce n\u2019est pas un hasard si VoA a \u00e9t\u00e9 class\u00e9e comme agent \u00e9tranger et interdite en Russie en 2020. Comme ils travaillent dans des pays o\u00f9 la libert\u00e9 de la presse est restreinte, les professionnels des m\u00e9dias sont souvent expos\u00e9s \u00e0 des risques importants. Les journalistes sont r\u00e9guli\u00e8rement menac\u00e9s et pers\u00e9cut\u00e9s.<br><br><span data-contrast=\"auto\">Le d\u00e9mant\u00e8lement envisag\u00e9 par le gouvernement am\u00e9ricain devrait donc nous inciter \u00e0 attirer davantage l\u2019attention sur ces journalistes courageux, qui nous fournissent des informations provenant de r\u00e9gions o\u00f9, sans eux, il n\u2019y aurait pas de sources fiables et neutres. C\u2019est particuli\u00e8rement d\u00e9cisif en cette p\u00e9riode d\u2019instabilit\u00e9 que nous traversons <\/span>actuellement.<\/p>\t\t\t\t\t\t\t\t<\/div>\n\t\t\t\t<\/div>\n\t\t\t\t\t<\/div>\n\t\t<\/div>\n\t\t\t\t\t<\/div>\n\t\t<\/section>\n\t\t\t\t<section class=\"elementor-section elementor-top-section elementor-element elementor-element-e990640 elementor-section-full_width left right elementor-section-height-default elementor-section-height-default\" data-id=\"e990640\" data-element_type=\"section\" data-e-type=\"section\" data-settings=\"{&quot;background_background&quot;:&quot;classic&quot;}\">\n\t\t\t\t\t\t<div class=\"elementor-container elementor-column-gap-default\">\n\t\t\t\t\t<div class=\"elementor-column elementor-col-50 elementor-top-column elementor-element elementor-element-66753d0\" data-id=\"66753d0\" data-element_type=\"column\" data-e-type=\"column\">\n\t\t\t<div class=\"elementor-widget-wrap elementor-element-populated\">\n\t\t\t\t\t\t<div class=\"elementor-element elementor-element-02b174c elementor-widget elementor-widget-image\" data-id=\"02b174c\" data-element_type=\"widget\" data-e-type=\"widget\" data-widget_type=\"image.default\">\n\t\t\t\t<div class=\"elementor-widget-container\">\n\t\t\t\t\t\t\t\t\t\t\t\t\t\t\t\t<a href=\"https:\/\/www.open-up.ch\/team\/%e1%8e%97-nabila-bouzouina\/\" target=\"_blank\">\n\t\t\t\t\t\t\t<img decoding=\"async\" width=\"150\" height=\"150\" src=\"https:\/\/www.open-up.ch\/wp-content\/uploads\/2019\/09\/Portrait_Evelyne-150x150.jpg\" class=\"attachment-thumbnail size-thumbnail wp-image-26276\" alt=\"\" \/>\t\t\t\t\t\t\t\t<\/a>\n\t\t\t\t\t\t\t\t\t\t\t\t\t\t\t<\/div>\n\t\t\t\t<\/div>\n\t\t\t\t\t<\/div>\n\t\t<\/div>\n\t\t\t\t<div class=\"elementor-column elementor-col-50 elementor-top-column elementor-element elementor-element-c712e0c\" data-id=\"c712e0c\" data-element_type=\"column\" data-e-type=\"column\">\n\t\t\t<div class=\"elementor-widget-wrap elementor-element-populated\">\n\t\t\t\t\t\t<div class=\"elementor-element elementor-element-1111383 elementor-widget elementor-widget-text-editor\" data-id=\"1111383\" data-element_type=\"widget\" data-e-type=\"widget\" data-widget_type=\"text-editor.default\">\n\t\t\t\t<div class=\"elementor-widget-container\">\n\t\t\t\t\t\t\t\t\t<p><strong>\u00c0 propos de l\u2019auteure<\/strong><br><br><span class=\"TextRun SCXW195082096 BCX8\" lang=\"DE-CH\" xml:lang=\"DE-CH\" data-contrast=\"auto\"><span class=\"NormalTextRun SCXW195082096 BCX8\">En tant qu\u2019historienne, Evelyne Oechslin aime r\u00e9fl\u00e9chir aux origines des processus actuels.<\/span><\/span><\/p>\t\t\t\t\t\t\t\t<\/div>\n\t\t\t\t<\/div>\n\t\t\t\t\t<\/div>\n\t\t<\/div>\n\t\t\t\t\t<\/div>\n\t\t<\/section>\n\t\t\t\t<section class=\"elementor-section elementor-top-section elementor-element elementor-element-7ab85f2 elementor-section-full_width left right elementor-section-height-default elementor-section-height-default\" data-id=\"7ab85f2\" data-element_type=\"section\" data-e-type=\"section\">\n\t\t\t\t\t\t<div class=\"elementor-container elementor-column-gap-default\">\n\t\t\t\t\t<div class=\"elementor-column elementor-col-100 elementor-top-column elementor-element elementor-element-42b636e\" data-id=\"42b636e\" data-element_type=\"column\" data-e-type=\"column\">\n\t\t\t<div class=\"elementor-widget-wrap elementor-element-populated\">\n\t\t\t\t\t\t<div class=\"elementor-element elementor-element-f1fb519 elementor-widget elementor-widget-ee-breadcrumbs\" data-id=\"f1fb519\" data-element_type=\"widget\" data-e-type=\"widget\" data-widget_type=\"ee-breadcrumbs.default\">\n\t\t\t\t<div class=\"elementor-widget-container\">\n\t\t\t\t\t<ul class=\"ee-breadcrumbs\" itemscope=\"\" itemtype=\"http:\/\/schema.org\/BreadcrumbList\"><\/ul>\t\t\t\t<\/div>\n\t\t\t\t<\/div>\n\t\t\t\t\t<\/div>\n\t\t<\/div>\n\t\t\t\t\t<\/div>\n\t\t<\/section>\n\t\t\t\t<section class=\"elementor-section elementor-top-section elementor-element elementor-element-bd68e6d elementor-section-stretched elementor-section-full_width linkcolorblue elementor-section-height-default elementor-section-height-default\" data-id=\"bd68e6d\" data-element_type=\"section\" data-e-type=\"section\" data-settings=\"{&quot;stretch_section&quot;:&quot;section-stretched&quot;,&quot;background_background&quot;:&quot;classic&quot;}\">\n\t\t\t\t\t\t<div class=\"elementor-container elementor-column-gap-default\">\n\t\t\t\t\t<div class=\"elementor-column elementor-col-100 elementor-top-column elementor-element elementor-element-c60ff27\" data-id=\"c60ff27\" data-element_type=\"column\" data-e-type=\"column\">\n\t\t\t<div class=\"elementor-widget-wrap elementor-element-populated\">\n\t\t\t\t\t\t<div class=\"elementor-element elementor-element-1e58eec elementor-widget elementor-widget-spacer\" data-id=\"1e58eec\" data-element_type=\"widget\" data-e-type=\"widget\" data-widget_type=\"spacer.default\">\n\t\t\t\t<div class=\"elementor-widget-container\">\n\t\t\t\t\t\t\t<div class=\"elementor-spacer\">\n\t\t\t<div class=\"elementor-spacer-inner\"><\/div>\n\t\t<\/div>\n\t\t\t\t\t\t<\/div>\n\t\t\t\t<\/div>\n\t\t\t\t\t<\/div>\n\t\t<\/div>\n\t\t\t\t\t<\/div>\n\t\t<\/section>\n\t\t\t\t<\/div>\n\t\t","protected":false},"excerpt":{"rendered":"<p>Dans de nombreux pays, les stations \u00abRadio Free Europe\u00bb et \u00abVoice of America\u00bb sont les seules sources d\u2019information ind\u00e9pendantes. Or, il est maintenant question de leur couper les vivres.<\/p>\n","protected":false},"author":10,"featured_media":39580,"comment_status":"closed","ping_status":"open","sticky":false,"template":"elementor_header_footer","format":"standard","meta":{"_acf_changed":false,"inline_featured_image":false,"footnotes":""},"categories":[221],"tags":[],"class_list":["post-39588","post","type-post","status-publish","format-standard","has-post-thumbnail","hentry","category-points-de-vue"],"acf":[],"yoast_head":"<!-- This site is optimized with the Yoast SEO plugin v28.4 - https:\/\/yoast.com\/product\/yoast-seo-wordpress\/ -->\n<title>La libert\u00e9 de la presse internationale est gravement menac\u00e9e - open up<\/title>\n<meta name=\"description\" content=\"Dans de nombreux pays, les stations \u00abRadio Free Europe\u00bb et \u00abVoice of America\u00bb sont les seules sources d\u2019information ind\u00e9pendantes. Aujourd\u2019hui, le gouvernement am\u00e9ricain souhaite couper leur financement, ce qui serait une catastrophe pour la libert\u00e9 de la presse internationale.\" \/>\n<meta name=\"robots\" content=\"index, follow, max-snippet:-1, max-image-preview:large, max-video-preview:-1\" \/>\n<link rel=\"canonical\" href=\"https:\/\/www.open-up.ch\/fr\/la-liberte-de-la-presse-internationale-est-gravement-menacee\/\" \/>\n<meta property=\"og:locale\" content=\"fr_FR\" \/>\n<meta property=\"og:type\" content=\"article\" \/>\n<meta property=\"og:title\" content=\"La libert\u00e9 de la presse internationale est gravement menac\u00e9e - open up\" \/>\n<meta property=\"og:description\" content=\"Dans de nombreux pays, les stations \u00abRadio Free Europe\u00bb et \u00abVoice of America\u00bb sont les seules sources d\u2019information ind\u00e9pendantes. Aujourd\u2019hui, le gouvernement am\u00e9ricain souhaite couper leur financement, ce qui serait une catastrophe pour la libert\u00e9 de la presse internationale.\" \/>\n<meta property=\"og:url\" content=\"https:\/\/www.open-up.ch\/fr\/la-liberte-de-la-presse-internationale-est-gravement-menacee\/\" \/>\n<meta property=\"og:site_name\" content=\"open up\" \/>\n<meta property=\"article:published_time\" content=\"2025-04-16T13:15:19+00:00\" \/>\n<meta property=\"article:modified_time\" content=\"2025-04-17T14:26:34+00:00\" \/>\n<meta property=\"og:image\" content=\"https:\/\/www.open-up.ch\/wp-content\/uploads\/2025\/04\/alamy-eo-sichtweise-2s4r69e.jpg\" \/>\n\t<meta property=\"og:image:width\" content=\"719\" \/>\n\t<meta property=\"og:image:height\" content=\"516\" \/>\n\t<meta property=\"og:image:type\" content=\"image\/jpeg\" \/>\n<meta name=\"author\" content=\"open up redaktor\" \/>\n<meta name=\"twitter:card\" content=\"summary_large_image\" \/>\n<meta name=\"twitter:label1\" content=\"\u00c9crit par\" \/>\n\t<meta name=\"twitter:data1\" content=\"open up redaktor\" \/>\n\t<meta name=\"twitter:label2\" content=\"Dur\u00e9e de lecture estim\u00e9e\" \/>\n\t<meta name=\"twitter:data2\" content=\"5 minutes\" \/>\n<!-- \/ Yoast SEO plugin. -->","yoast_head_json":{"title":"La libert\u00e9 de la presse internationale est gravement menac\u00e9e - open up","description":"Dans de nombreux pays, les stations \u00abRadio Free Europe\u00bb et \u00abVoice of America\u00bb sont les seules sources d\u2019information ind\u00e9pendantes. Aujourd\u2019hui, le gouvernement am\u00e9ricain souhaite couper leur financement, ce qui serait une catastrophe pour la libert\u00e9 de la presse internationale.","robots":{"index":"index","follow":"follow","max-snippet":"max-snippet:-1","max-image-preview":"max-image-preview:large","max-video-preview":"max-video-preview:-1"},"canonical":"https:\/\/www.open-up.ch\/fr\/la-liberte-de-la-presse-internationale-est-gravement-menacee\/","og_locale":"fr_FR","og_type":"article","og_title":"La libert\u00e9 de la presse internationale est gravement menac\u00e9e - open up","og_description":"Dans de nombreux pays, les stations \u00abRadio Free Europe\u00bb et \u00abVoice of America\u00bb sont les seules sources d\u2019information ind\u00e9pendantes. Aujourd\u2019hui, le gouvernement am\u00e9ricain souhaite couper leur financement, ce qui serait une catastrophe pour la libert\u00e9 de la presse internationale.","og_url":"https:\/\/www.open-up.ch\/fr\/la-liberte-de-la-presse-internationale-est-gravement-menacee\/","og_site_name":"open up","article_published_time":"2025-04-16T13:15:19+00:00","article_modified_time":"2025-04-17T14:26:34+00:00","og_image":[{"width":719,"height":516,"url":"https:\/\/www.open-up.ch\/wp-content\/uploads\/2025\/04\/alamy-eo-sichtweise-2s4r69e.jpg","type":"image\/jpeg"}],"author":"open up redaktor","twitter_card":"summary_large_image","twitter_misc":{"\u00c9crit par":"open up redaktor","Dur\u00e9e de lecture estim\u00e9e":"5 minutes"},"schema":{"@context":"https:\/\/schema.org","@graph":[{"@type":"Article","@id":"https:\/\/www.open-up.ch\/fr\/la-liberte-de-la-presse-internationale-est-gravement-menacee\/#article","isPartOf":{"@id":"https:\/\/www.open-up.ch\/fr\/la-liberte-de-la-presse-internationale-est-gravement-menacee\/"},"author":{"name":"open up redaktor","@id":"https:\/\/www.open-up.ch\/en\/#\/schema\/person\/91cebb94e3a22b2f5b0df4707bfe471c"},"headline":"La libert\u00e9 de la presse internationale est gravement menac\u00e9e","datePublished":"2025-04-16T13:15:19+00:00","dateModified":"2025-04-17T14:26:34+00:00","mainEntityOfPage":{"@id":"https:\/\/www.open-up.ch\/fr\/la-liberte-de-la-presse-internationale-est-gravement-menacee\/"},"wordCount":723,"image":{"@id":"https:\/\/www.open-up.ch\/fr\/la-liberte-de-la-presse-internationale-est-gravement-menacee\/#primaryimage"},"thumbnailUrl":"https:\/\/www.open-up.ch\/wp-content\/uploads\/2025\/04\/alamy-eo-sichtweise-2s4r69e.jpg","articleSection":["Points de vue"],"inLanguage":"fr-FR"},{"@type":"WebPage","@id":"https:\/\/www.open-up.ch\/fr\/la-liberte-de-la-presse-internationale-est-gravement-menacee\/","url":"https:\/\/www.open-up.ch\/fr\/la-liberte-de-la-presse-internationale-est-gravement-menacee\/","name":"La libert\u00e9 de la presse internationale est gravement menac\u00e9e - open up","isPartOf":{"@id":"https:\/\/www.open-up.ch\/en\/#website"},"primaryImageOfPage":{"@id":"https:\/\/www.open-up.ch\/fr\/la-liberte-de-la-presse-internationale-est-gravement-menacee\/#primaryimage"},"image":{"@id":"https:\/\/www.open-up.ch\/fr\/la-liberte-de-la-presse-internationale-est-gravement-menacee\/#primaryimage"},"thumbnailUrl":"https:\/\/www.open-up.ch\/wp-content\/uploads\/2025\/04\/alamy-eo-sichtweise-2s4r69e.jpg","datePublished":"2025-04-16T13:15:19+00:00","dateModified":"2025-04-17T14:26:34+00:00","author":{"@id":"https:\/\/www.open-up.ch\/en\/#\/schema\/person\/91cebb94e3a22b2f5b0df4707bfe471c"},"description":"Dans de nombreux pays, les stations \u00abRadio Free Europe\u00bb et \u00abVoice of America\u00bb sont les seules sources d\u2019information ind\u00e9pendantes. Aujourd\u2019hui, le gouvernement am\u00e9ricain souhaite couper leur financement, ce qui serait une catastrophe pour la libert\u00e9 de la presse internationale.","breadcrumb":{"@id":"https:\/\/www.open-up.ch\/fr\/la-liberte-de-la-presse-internationale-est-gravement-menacee\/#breadcrumb"},"inLanguage":"fr-FR","potentialAction":[{"@type":"ReadAction","target":["https:\/\/www.open-up.ch\/fr\/la-liberte-de-la-presse-internationale-est-gravement-menacee\/"]}]},{"@type":"ImageObject","inLanguage":"fr-FR","@id":"https:\/\/www.open-up.ch\/fr\/la-liberte-de-la-presse-internationale-est-gravement-menacee\/#primaryimage","url":"https:\/\/www.open-up.ch\/wp-content\/uploads\/2025\/04\/alamy-eo-sichtweise-2s4r69e.jpg","contentUrl":"https:\/\/www.open-up.ch\/wp-content\/uploads\/2025\/04\/alamy-eo-sichtweise-2s4r69e.jpg","width":719,"height":516,"caption":"2S4R69E Radio speakers from the Voice of America broadcasting to Russia, New York 1948"},{"@type":"BreadcrumbList","@id":"https:\/\/www.open-up.ch\/fr\/la-liberte-de-la-presse-internationale-est-gravement-menacee\/#breadcrumb","itemListElement":[{"@type":"ListItem","position":1,"name":"Home","item":"https:\/\/www.open-up.ch\/"},{"@type":"ListItem","position":2,"name":"La libert\u00e9 de la presse internationale est gravement menac\u00e9e"}]},{"@type":"WebSite","@id":"https:\/\/www.open-up.ch\/en\/#website","url":"https:\/\/www.open-up.ch\/en\/","name":"open up","description":"","potentialAction":[{"@type":"SearchAction","target":{"@type":"EntryPoint","urlTemplate":"https:\/\/www.open-up.ch\/en\/?s={search_term_string}"},"query-input":{"@type":"PropertyValueSpecification","valueRequired":true,"valueName":"search_term_string"}}],"inLanguage":"fr-FR"},{"@type":"Person","@id":"https:\/\/www.open-up.ch\/en\/#\/schema\/person\/91cebb94e3a22b2f5b0df4707bfe471c","name":"open up redaktor","url":"https:\/\/www.open-up.ch\/fr\/author\/open-up-redaktor\/"}]}},"_links":{"self":[{"href":"https:\/\/www.open-up.ch\/fr\/wp-json\/wp\/v2\/posts\/39588","targetHints":{"allow":["GET"]}}],"collection":[{"href":"https:\/\/www.open-up.ch\/fr\/wp-json\/wp\/v2\/posts"}],"about":[{"href":"https:\/\/www.open-up.ch\/fr\/wp-json\/wp\/v2\/types\/post"}],"author":[{"embeddable":true,"href":"https:\/\/www.open-up.ch\/fr\/wp-json\/wp\/v2\/users\/10"}],"replies":[{"embeddable":true,"href":"https:\/\/www.open-up.ch\/fr\/wp-json\/wp\/v2\/comments?post=39588"}],"version-history":[{"count":5,"href":"https:\/\/www.open-up.ch\/fr\/wp-json\/wp\/v2\/posts\/39588\/revisions"}],"predecessor-version":[{"id":39619,"href":"https:\/\/www.open-up.ch\/fr\/wp-json\/wp\/v2\/posts\/39588\/revisions\/39619"}],"wp:featuredmedia":[{"embeddable":true,"href":"https:\/\/www.open-up.ch\/fr\/wp-json\/wp\/v2\/media\/39580"}],"wp:attachment":[{"href":"https:\/\/www.open-up.ch\/fr\/wp-json\/wp\/v2\/media?parent=39588"}],"wp:term":[{"taxonomy":"category","embeddable":true,"href":"https:\/\/www.open-up.ch\/fr\/wp-json\/wp\/v2\/categories?post=39588"},{"taxonomy":"post_tag","embeddable":true,"href":"https:\/\/www.open-up.ch\/fr\/wp-json\/wp\/v2\/tags?post=39588"}],"curies":[{"name":"wp","href":"https:\/\/api.w.org\/{rel}","templated":true}]}}