{"id":40173,"date":"2025-06-30T13:25:56","date_gmt":"2025-06-30T13:25:56","guid":{"rendered":"https:\/\/www.open-up.ch\/?p=40173"},"modified":"2025-07-01T07:28:00","modified_gmt":"2025-07-01T07:28:00","slug":"open-up-etoffe-son-equipe-dirigeante","status":"publish","type":"post","link":"https:\/\/www.open-up.ch\/fr\/open-up-etoffe-son-equipe-dirigeante\/","title":{"rendered":"open up \u00e9toffe son \u00e9quipe dirigeante"},"content":{"rendered":"\t\t<div data-elementor-type=\"wp-post\" data-elementor-id=\"40173\" class=\"elementor elementor-40173 elementor-40159\" data-elementor-post-type=\"post\">\n\t\t\t\t\t\t<section class=\"elementor-section elementor-top-section elementor-element elementor-element-0fc1cba left right elementor-section-full_width elementor-section-height-default elementor-section-height-default\" data-id=\"0fc1cba\" data-element_type=\"section\" data-e-type=\"section\">\n\t\t\t\t\t\t<div class=\"elementor-container elementor-column-gap-default\">\n\t\t\t\t\t<div class=\"elementor-column elementor-col-100 elementor-top-column elementor-element elementor-element-6c33fa1\" data-id=\"6c33fa1\" data-element_type=\"column\" data-e-type=\"column\">\n\t\t\t<div class=\"elementor-widget-wrap\">\n\t\t\t\t\t\t\t<\/div>\n\t\t<\/div>\n\t\t\t\t\t<\/div>\n\t\t<\/section>\n\t\t\t\t<section class=\"elementor-section elementor-top-section elementor-element elementor-element-6b46a43 elementor-section-full_width left right headf elementor-section-height-default elementor-section-height-default\" data-id=\"6b46a43\" data-element_type=\"section\" data-e-type=\"section\" data-settings=\"{&quot;background_background&quot;:&quot;classic&quot;}\">\n\t\t\t\t\t\t<div class=\"elementor-container elementor-column-gap-default\">\n\t\t\t\t\t<div class=\"elementor-column elementor-col-100 elementor-top-column elementor-element elementor-element-e3748fa\" data-id=\"e3748fa\" data-element_type=\"column\" data-e-type=\"column\">\n\t\t\t<div class=\"elementor-widget-wrap elementor-element-populated\">\n\t\t\t\t\t\t<div class=\"elementor-element elementor-element-f759a7e elementor-widget elementor-widget-image\" data-id=\"f759a7e\" data-element_type=\"widget\" data-e-type=\"widget\" data-widget_type=\"image.default\">\n\t\t\t\t<div class=\"elementor-widget-container\">\n\t\t\t\t\t\t\t\t\t\t\t\t\t\t\t<img fetchpriority=\"high\" decoding=\"async\" width=\"1920\" height=\"1280\" src=\"https:\/\/www.open-up.ch\/wp-content\/uploads\/2025\/06\/erweiterte-gl-open-up.jpg\" class=\"attachment-full size-full wp-image-40162\" alt=\"Christina Wahlstrand, Nabila Bouzuoina, Melanie Scheider, Kilian Borter und Evelyne Oechslin (vlnr)\" srcset=\"https:\/\/www.open-up.ch\/wp-content\/uploads\/2025\/06\/erweiterte-gl-open-up.jpg 1920w, https:\/\/www.open-up.ch\/wp-content\/uploads\/2025\/06\/erweiterte-gl-open-up-300x200.jpg 300w, https:\/\/www.open-up.ch\/wp-content\/uploads\/2025\/06\/erweiterte-gl-open-up-1024x683.jpg 1024w, https:\/\/www.open-up.ch\/wp-content\/uploads\/2025\/06\/erweiterte-gl-open-up-768x512.jpg 768w, https:\/\/www.open-up.ch\/wp-content\/uploads\/2025\/06\/erweiterte-gl-open-up-1536x1024.jpg 1536w\" sizes=\"(max-width: 1920px) 100vw, 1920px\" \/>\t\t\t\t\t\t\t\t\t\t\t\t\t\t\t<\/div>\n\t\t\t\t<\/div>\n\t\t\t\t<div class=\"elementor-element elementor-element-aa8a5e4 elementor-widget elementor-widget-text-editor\" data-id=\"aa8a5e4\" data-element_type=\"widget\" data-e-type=\"widget\" data-widget_type=\"text-editor.default\">\n\t\t\t\t<div class=\"elementor-widget-container\">\n\t\t\t\t\t\t\t\t\t<p>01.07.2025 |<\/p>\n<h2><strong>open up \u00e9toffe son \u00e9quipe dirigeante avec deux nominations internes<\/strong><\/h2>\n\t\t\t\t\t\t\t\t<\/div>\n\t\t\t\t<\/div>\n\t\t\t\t\t<\/div>\n\t\t<\/div>\n\t\t\t\t\t<\/div>\n\t\t<\/section>\n\t\t\t\t<section class=\"elementor-section elementor-top-section elementor-element elementor-element-18c8e70 elementor-section-full_width left right elementor-section-height-default elementor-section-height-default\" data-id=\"18c8e70\" data-element_type=\"section\" data-e-type=\"section\" data-settings=\"{&quot;background_background&quot;:&quot;classic&quot;}\">\n\t\t\t\t\t\t<div class=\"elementor-container elementor-column-gap-default\">\n\t\t\t\t\t<div class=\"elementor-column elementor-col-100 elementor-top-column elementor-element elementor-element-0bb7fc7\" data-id=\"0bb7fc7\" data-element_type=\"column\" data-e-type=\"column\">\n\t\t\t<div class=\"elementor-widget-wrap elementor-element-populated\">\n\t\t\t\t\t\t<div class=\"elementor-element elementor-element-3e0e51c elementor-widget elementor-widget-text-editor\" data-id=\"3e0e51c\" data-element_type=\"widget\" data-e-type=\"widget\" data-widget_type=\"text-editor.default\">\n\t\t\t\t<div class=\"elementor-widget-container\">\n\t\t\t\t\t\t\t\t\t<p><strong>L\u2019agence de communication et de relations publiques open up, pilot\u00e9e par ses fondateurs, renforce son \u00e9quipe de direction. Nabila Bouzouina et Evelyne Oechslin rejoignent ainsi le nouveau comit\u00e9 \u00e9largi aux c\u00f4t\u00e9s de l\u2019\u00e9quipe dirigeante actuelle compos\u00e9e de Christina Wahlstrand, Melanie Schneider et Kilian Borter.<\/strong><\/p>\n\t\t\t\t\t\t\t\t<\/div>\n\t\t\t\t<\/div>\n\t\t\t\t<div class=\"elementor-element elementor-element-e99c570 elementor-widget elementor-widget-text-editor\" data-id=\"e99c570\" data-element_type=\"widget\" data-e-type=\"widget\" data-widget_type=\"text-editor.default\">\n\t\t\t\t<div class=\"elementor-widget-container\">\n\t\t\t\t\t\t\t\t\t<p>Dans une volont\u00e9 de favoriser la richesse des points de vue et de promouvoir les talents \u00e0 l\u2019esprit entrepreneurial, open up a choisi d\u2019\u00e9largir sa structure de gouvernance. Ce choix strat\u00e9gique permet d\u2019offrir de nouvelles perspectives, des possibilit\u00e9s d\u2019\u00e9volution et des opportunit\u00e9s de croissance \u00e0 des collaborateurs exp\u00e9riment\u00e9s et engag\u00e9s. Ainsi, deux consultantes ont \u00e9t\u00e9 nomm\u00e9es au sein de cette direction \u00e9largie : Nabila Bouzouina et Evelyne Oechslin assumeront leurs nouvelles fonctions \u00e0 compter du 1er juillet 2025, tout en poursuivant leurs missions actuelles aupr\u00e8s de leurs clients.<\/p>\n<p>Nabila Bouzouina pilote le d\u00e9veloppement strat\u00e9gique de l\u2019activit\u00e9 croissante de l\u2019agence en Suisse romande. Bas\u00e9e \u00e0 Gen\u00e8ve depuis l\u2019ouverture du bureau en 2021, elle veille \u00e0 garantir la visibilit\u00e9 et la pertinence des clients dans l\u2019espace francophone. Forte de plus de 15 ans d\u2019exp\u00e9rience au sein d\u2019agences internationales, elle a notamment g\u00e9r\u00e9 des mandats \u00e0 port\u00e9e mondiale avant de s\u2019installer en Suisse en 2012.<\/p>\n<p>Evelyne Oechslin pilotera quant \u00e0 elle la gestion des connaissances au sein de l\u2019agence. Apr\u00e8s une premi\u00e8re carri\u00e8re de journaliste radio et web, elle s\u2019est tourn\u00e9e vers la publicit\u00e9 puis les relations publiques. Elle a rejoint l\u2019\u00e9quipe de Zurich en 2019. Gr\u00e2ce \u00e0 son double regard de consultante et de journaliste, elle dispose d\u2019une compr\u00e9hension fine des attentes des clients comme des m\u00e9dias, atout pr\u00e9cieux pour renforcer la transmission de savoir-faire au sein de l\u2019agence.<\/p>\n<p>Aux c\u00f4t\u00e9s de l\u2019\u00e9quipe dirigeante d\u00e9j\u00e0 en place \u2013 Christina Wahlstrand, Melanie Schneider et Kilian Borter \u2013 Nabila Bouzouina et Evelyne Oechslin contribueront \u00e0 fa\u00e7onner et faire \u00e9voluer l\u2019orientation strat\u00e9gique de l\u2019agence.<\/p>\n<p>Kilian Borter, co-propri\u00e9taire et fondateur\u00a0: \u00ab\u00a0 Depuis pr\u00e8s de 25 ans, notre agence mise sur une communication efficace et une collaboration fond\u00e9e sur la confiance et l\u2019\u00e9quit\u00e9 avec nos clients. L\u2019arriv\u00e9e de nouvelles forces au sein de la direction nous apporte un souffle nouveau et des regards compl\u00e9mentaires afin de mieux anticiper les enjeux \u00e0 venir.\u00a0\u00bb Melanie Schneider, co-prori\u00e9taire\u00a0: \u00ab\u00a0Nous avons \u00e9galement le plaisir d\u2019accompagner l\u2019\u00e9volution professionnelle de deux collaboratrices chevronn\u00e9es de longue date, Nabila et Evelyne, qui prennent d\u00e9sormais des responsabilit\u00e9s \u00e9largies chez open up. Bienvenue \u00e0 toutes les deux dans cette nouvelle aventure ! \u00bb<\/p>\n\t\t\t\t\t\t\t\t<\/div>\n\t\t\t\t<\/div>\n\t\t\t\t\t<\/div>\n\t\t<\/div>\n\t\t\t\t\t<\/div>\n\t\t<\/section>\n\t\t\t\t<section class=\"elementor-section elementor-top-section elementor-element elementor-element-7ab85f2 elementor-section-full_width left right elementor-section-height-default elementor-section-height-default\" data-id=\"7ab85f2\" data-element_type=\"section\" data-e-type=\"section\">\n\t\t\t\t\t\t<div class=\"elementor-container elementor-column-gap-default\">\n\t\t\t\t\t<div class=\"elementor-column elementor-col-100 elementor-top-column elementor-element elementor-element-42b636e\" data-id=\"42b636e\" data-element_type=\"column\" data-e-type=\"column\">\n\t\t\t<div class=\"elementor-widget-wrap elementor-element-populated\">\n\t\t\t\t\t\t<div class=\"elementor-element elementor-element-f1fb519 elementor-widget elementor-widget-ee-breadcrumbs\" data-id=\"f1fb519\" data-element_type=\"widget\" data-e-type=\"widget\" data-widget_type=\"ee-breadcrumbs.default\">\n\t\t\t\t<div class=\"elementor-widget-container\">\n\t\t\t\t\t<ul class=\"ee-breadcrumbs\" itemscope=\"\" itemtype=\"http:\/\/schema.org\/BreadcrumbList\"><\/ul>\t\t\t\t<\/div>\n\t\t\t\t<\/div>\n\t\t\t\t\t<\/div>\n\t\t<\/div>\n\t\t\t\t\t<\/div>\n\t\t<\/section>\n\t\t\t\t<section class=\"elementor-section elementor-top-section elementor-element elementor-element-bd68e6d elementor-section-stretched elementor-section-full_width linkcolorblue elementor-section-height-default elementor-section-height-default\" data-id=\"bd68e6d\" data-element_type=\"section\" data-e-type=\"section\" data-settings=\"{&quot;stretch_section&quot;:&quot;section-stretched&quot;,&quot;background_background&quot;:&quot;classic&quot;}\">\n\t\t\t\t\t\t<div class=\"elementor-container elementor-column-gap-default\">\n\t\t\t\t\t<div class=\"elementor-column elementor-col-100 elementor-top-column elementor-element elementor-element-c60ff27\" data-id=\"c60ff27\" data-element_type=\"column\" data-e-type=\"column\">\n\t\t\t<div class=\"elementor-widget-wrap elementor-element-populated\">\n\t\t\t\t\t\t<div class=\"elementor-element elementor-element-1e58eec elementor-widget elementor-widget-spacer\" data-id=\"1e58eec\" data-element_type=\"widget\" data-e-type=\"widget\" data-widget_type=\"spacer.default\">\n\t\t\t\t<div class=\"elementor-widget-container\">\n\t\t\t\t\t\t\t<div class=\"elementor-spacer\">\n\t\t\t<div class=\"elementor-spacer-inner\"><\/div>\n\t\t<\/div>\n\t\t\t\t\t\t<\/div>\n\t\t\t\t<\/div>\n\t\t\t\t\t<\/div>\n\t\t<\/div>\n\t\t\t\t\t<\/div>\n\t\t<\/section>\n\t\t\t\t<\/div>\n\t\t","protected":false},"excerpt":{"rendered":"<p>open up, pilot\u00e9e par ses fondateurs, renforce son \u00e9quipe de direction. Nabila Bouzouina et Evelyne Oechslin rejoignent ainsi le nouveau comit\u00e9 \u00e9largi.<\/p>\n","protected":false},"author":10,"featured_media":40162,"comment_status":"closed","ping_status":"open","sticky":false,"template":"elementor_header_footer","format":"standard","meta":{"_acf_changed":false,"inline_featured_image":false,"footnotes":""},"categories":[228],"tags":[],"class_list":["post-40173","post","type-post","status-publish","format-standard","has-post-thumbnail","hentry","category-en-ce-qui-nous-concerne"],"acf":[],"yoast_head":"<!-- This site is optimized with the Yoast SEO plugin v27.4 - https:\/\/yoast.com\/product\/yoast-seo-wordpress\/ -->\n<title>open up \u00e9toffe son \u00e9quipe dirigeante<\/title>\n<meta name=\"description\" content=\"open up, pilot\u00e9e par ses fondateurs, renforce son \u00e9quipe de direction. Nabila Bouzouina et Evelyne Oechslin rejoignent ainsi le nouveau comit\u00e9 \u00e9largi.\" \/>\n<meta name=\"robots\" content=\"index, follow, max-snippet:-1, max-image-preview:large, max-video-preview:-1\" \/>\n<link rel=\"canonical\" href=\"https:\/\/www.open-up.ch\/fr\/open-up-etoffe-son-equipe-dirigeante\/\" \/>\n<meta property=\"og:locale\" content=\"fr_FR\" \/>\n<meta property=\"og:type\" content=\"article\" \/>\n<meta property=\"og:title\" content=\"open up \u00e9toffe son \u00e9quipe dirigeante\" \/>\n<meta property=\"og:description\" content=\"open up, pilot\u00e9e par ses fondateurs, renforce son \u00e9quipe de direction. Nabila Bouzouina et Evelyne Oechslin rejoignent ainsi le nouveau comit\u00e9 \u00e9largi.\" \/>\n<meta property=\"og:url\" content=\"https:\/\/www.open-up.ch\/fr\/open-up-etoffe-son-equipe-dirigeante\/\" \/>\n<meta property=\"og:site_name\" content=\"open up\" \/>\n<meta property=\"article:published_time\" content=\"2025-06-30T13:25:56+00:00\" \/>\n<meta property=\"article:modified_time\" content=\"2025-07-01T07:28:00+00:00\" \/>\n<meta property=\"og:image\" content=\"https:\/\/www.open-up.ch\/wp-content\/uploads\/2025\/06\/erweiterte-gl-open-up.jpg\" \/>\n\t<meta property=\"og:image:width\" content=\"1920\" \/>\n\t<meta property=\"og:image:height\" content=\"1280\" \/>\n\t<meta property=\"og:image:type\" content=\"image\/jpeg\" \/>\n<meta name=\"author\" content=\"open up redaktor\" \/>\n<meta name=\"twitter:card\" content=\"summary_large_image\" \/>\n<meta name=\"twitter:label1\" content=\"\u00c9crit par\" \/>\n\t<meta name=\"twitter:data1\" content=\"open up redaktor\" \/>\n\t<meta name=\"twitter:label2\" content=\"Dur\u00e9e de lecture estim\u00e9e\" \/>\n\t<meta name=\"twitter:data2\" content=\"3 minutes\" \/>\n<!-- \/ Yoast SEO plugin. -->","yoast_head_json":{"title":"open up \u00e9toffe son \u00e9quipe dirigeante","description":"open up, pilot\u00e9e par ses fondateurs, renforce son \u00e9quipe de direction. Nabila Bouzouina et Evelyne Oechslin rejoignent ainsi le nouveau comit\u00e9 \u00e9largi.","robots":{"index":"index","follow":"follow","max-snippet":"max-snippet:-1","max-image-preview":"max-image-preview:large","max-video-preview":"max-video-preview:-1"},"canonical":"https:\/\/www.open-up.ch\/fr\/open-up-etoffe-son-equipe-dirigeante\/","og_locale":"fr_FR","og_type":"article","og_title":"open up \u00e9toffe son \u00e9quipe dirigeante","og_description":"open up, pilot\u00e9e par ses fondateurs, renforce son \u00e9quipe de direction. Nabila Bouzouina et Evelyne Oechslin rejoignent ainsi le nouveau comit\u00e9 \u00e9largi.","og_url":"https:\/\/www.open-up.ch\/fr\/open-up-etoffe-son-equipe-dirigeante\/","og_site_name":"open up","article_published_time":"2025-06-30T13:25:56+00:00","article_modified_time":"2025-07-01T07:28:00+00:00","og_image":[{"width":1920,"height":1280,"url":"https:\/\/www.open-up.ch\/wp-content\/uploads\/2025\/06\/erweiterte-gl-open-up.jpg","type":"image\/jpeg"}],"author":"open up redaktor","twitter_card":"summary_large_image","twitter_misc":{"\u00c9crit par":"open up redaktor","Dur\u00e9e de lecture estim\u00e9e":"3 minutes"},"schema":{"@context":"https:\/\/schema.org","@graph":[{"@type":"Article","@id":"https:\/\/www.open-up.ch\/fr\/open-up-etoffe-son-equipe-dirigeante\/#article","isPartOf":{"@id":"https:\/\/www.open-up.ch\/fr\/open-up-etoffe-son-equipe-dirigeante\/"},"author":{"name":"open up redaktor","@id":"https:\/\/www.open-up.ch\/en\/#\/schema\/person\/91cebb94e3a22b2f5b0df4707bfe471c"},"headline":"open up \u00e9toffe son \u00e9quipe dirigeante","datePublished":"2025-06-30T13:25:56+00:00","dateModified":"2025-07-01T07:28:00+00:00","mainEntityOfPage":{"@id":"https:\/\/www.open-up.ch\/fr\/open-up-etoffe-son-equipe-dirigeante\/"},"wordCount":459,"image":{"@id":"https:\/\/www.open-up.ch\/fr\/open-up-etoffe-son-equipe-dirigeante\/#primaryimage"},"thumbnailUrl":"https:\/\/www.open-up.ch\/wp-content\/uploads\/2025\/06\/erweiterte-gl-open-up.jpg","articleSection":["En ce qui nous concerne"],"inLanguage":"fr-FR"},{"@type":"WebPage","@id":"https:\/\/www.open-up.ch\/fr\/open-up-etoffe-son-equipe-dirigeante\/","url":"https:\/\/www.open-up.ch\/fr\/open-up-etoffe-son-equipe-dirigeante\/","name":"open up \u00e9toffe son \u00e9quipe dirigeante","isPartOf":{"@id":"https:\/\/www.open-up.ch\/en\/#website"},"primaryImageOfPage":{"@id":"https:\/\/www.open-up.ch\/fr\/open-up-etoffe-son-equipe-dirigeante\/#primaryimage"},"image":{"@id":"https:\/\/www.open-up.ch\/fr\/open-up-etoffe-son-equipe-dirigeante\/#primaryimage"},"thumbnailUrl":"https:\/\/www.open-up.ch\/wp-content\/uploads\/2025\/06\/erweiterte-gl-open-up.jpg","datePublished":"2025-06-30T13:25:56+00:00","dateModified":"2025-07-01T07:28:00+00:00","author":{"@id":"https:\/\/www.open-up.ch\/en\/#\/schema\/person\/91cebb94e3a22b2f5b0df4707bfe471c"},"description":"open up, pilot\u00e9e par ses fondateurs, renforce son \u00e9quipe de direction. Nabila Bouzouina et Evelyne Oechslin rejoignent ainsi le nouveau comit\u00e9 \u00e9largi.","breadcrumb":{"@id":"https:\/\/www.open-up.ch\/fr\/open-up-etoffe-son-equipe-dirigeante\/#breadcrumb"},"inLanguage":"fr-FR","potentialAction":[{"@type":"ReadAction","target":["https:\/\/www.open-up.ch\/fr\/open-up-etoffe-son-equipe-dirigeante\/"]}]},{"@type":"ImageObject","inLanguage":"fr-FR","@id":"https:\/\/www.open-up.ch\/fr\/open-up-etoffe-son-equipe-dirigeante\/#primaryimage","url":"https:\/\/www.open-up.ch\/wp-content\/uploads\/2025\/06\/erweiterte-gl-open-up.jpg","contentUrl":"https:\/\/www.open-up.ch\/wp-content\/uploads\/2025\/06\/erweiterte-gl-open-up.jpg","width":1920,"height":1280,"caption":"Christina Wahlstrand, Nabila Bouzuoina, Melanie Scheider, Kilian Borter und Evelyne Oechslin (vlnr)"},{"@type":"BreadcrumbList","@id":"https:\/\/www.open-up.ch\/fr\/open-up-etoffe-son-equipe-dirigeante\/#breadcrumb","itemListElement":[{"@type":"ListItem","position":1,"name":"Home","item":"https:\/\/www.open-up.ch\/fr\/"},{"@type":"ListItem","position":2,"name":"open up \u00e9toffe son \u00e9quipe dirigeante"}]},{"@type":"WebSite","@id":"https:\/\/www.open-up.ch\/en\/#website","url":"https:\/\/www.open-up.ch\/en\/","name":"open up","description":"","potentialAction":[{"@type":"SearchAction","target":{"@type":"EntryPoint","urlTemplate":"https:\/\/www.open-up.ch\/en\/?s={search_term_string}"},"query-input":{"@type":"PropertyValueSpecification","valueRequired":true,"valueName":"search_term_string"}}],"inLanguage":"fr-FR"},{"@type":"Person","@id":"https:\/\/www.open-up.ch\/en\/#\/schema\/person\/91cebb94e3a22b2f5b0df4707bfe471c","name":"open up redaktor","url":"https:\/\/www.open-up.ch\/fr\/author\/open-up-redaktor\/"}]}},"_links":{"self":[{"href":"https:\/\/www.open-up.ch\/fr\/wp-json\/wp\/v2\/posts\/40173","targetHints":{"allow":["GET"]}}],"collection":[{"href":"https:\/\/www.open-up.ch\/fr\/wp-json\/wp\/v2\/posts"}],"about":[{"href":"https:\/\/www.open-up.ch\/fr\/wp-json\/wp\/v2\/types\/post"}],"author":[{"embeddable":true,"href":"https:\/\/www.open-up.ch\/fr\/wp-json\/wp\/v2\/users\/10"}],"replies":[{"embeddable":true,"href":"https:\/\/www.open-up.ch\/fr\/wp-json\/wp\/v2\/comments?post=40173"}],"version-history":[{"count":8,"href":"https:\/\/www.open-up.ch\/fr\/wp-json\/wp\/v2\/posts\/40173\/revisions"}],"predecessor-version":[{"id":40196,"href":"https:\/\/www.open-up.ch\/fr\/wp-json\/wp\/v2\/posts\/40173\/revisions\/40196"}],"wp:featuredmedia":[{"embeddable":true,"href":"https:\/\/www.open-up.ch\/fr\/wp-json\/wp\/v2\/media\/40162"}],"wp:attachment":[{"href":"https:\/\/www.open-up.ch\/fr\/wp-json\/wp\/v2\/media?parent=40173"}],"wp:term":[{"taxonomy":"category","embeddable":true,"href":"https:\/\/www.open-up.ch\/fr\/wp-json\/wp\/v2\/categories?post=40173"},{"taxonomy":"post_tag","embeddable":true,"href":"https:\/\/www.open-up.ch\/fr\/wp-json\/wp\/v2\/tags?post=40173"}],"curies":[{"name":"wp","href":"https:\/\/api.w.org\/{rel}","templated":true}]}}