{"id":42094,"date":"2026-01-26T15:57:54","date_gmt":"2026-01-26T15:57:54","guid":{"rendered":"https:\/\/www.open-up.ch\/diriger-malgre-la-fragilite-le-vrai-test-du-leadership\/"},"modified":"2026-01-26T16:06:49","modified_gmt":"2026-01-26T16:06:49","slug":"diriger-malgre-la-fragilite-le-vrai-test-du-leadership","status":"publish","type":"post","link":"https:\/\/www.open-up.ch\/fr\/diriger-malgre-la-fragilite-le-vrai-test-du-leadership\/","title":{"rendered":"Diriger malgr\u00e9 la fragilit\u00e9 : le vrai test du leadership"},"content":{"rendered":"\t\t<div data-elementor-type=\"wp-post\" data-elementor-id=\"42094\" class=\"elementor elementor-42094 elementor-42085\" data-elementor-post-type=\"post\">\n\t\t\t\t\t\t<section class=\"elementor-section elementor-top-section elementor-element elementor-element-0fc1cba left right elementor-section-full_width elementor-section-height-default elementor-section-height-default\" data-id=\"0fc1cba\" data-element_type=\"section\" data-e-type=\"section\">\n\t\t\t\t\t\t<div class=\"elementor-container elementor-column-gap-default\">\n\t\t\t\t\t<div class=\"elementor-column elementor-col-100 elementor-top-column elementor-element elementor-element-6c33fa1\" data-id=\"6c33fa1\" data-element_type=\"column\" data-e-type=\"column\">\n\t\t\t<div class=\"elementor-widget-wrap elementor-element-populated\">\n\t\t\t\t\t\t<div class=\"elementor-element elementor-element-f759a7e elementor-widget elementor-widget-image\" data-id=\"f759a7e\" data-element_type=\"widget\" data-e-type=\"widget\" data-widget_type=\"image.default\">\n\t\t\t\t<div class=\"elementor-widget-container\">\n\t\t\t\t\t\t\t\t\t\t\t\t\t\t\t<img fetchpriority=\"high\" decoding=\"async\" width=\"1920\" height=\"1280\" src=\"https:\/\/www.open-up.ch\/wp-content\/uploads\/2026\/01\/taylor-nicole-qh7nlsk-ije-unsplash.jpg\" class=\"attachment-full size-full wp-image-42084\" alt=\"\" srcset=\"https:\/\/www.open-up.ch\/wp-content\/uploads\/2026\/01\/taylor-nicole-qh7nlsk-ije-unsplash.jpg 1920w, https:\/\/www.open-up.ch\/wp-content\/uploads\/2026\/01\/taylor-nicole-qh7nlsk-ije-unsplash-300x200.jpg 300w, https:\/\/www.open-up.ch\/wp-content\/uploads\/2026\/01\/taylor-nicole-qh7nlsk-ije-unsplash-1024x683.jpg 1024w, https:\/\/www.open-up.ch\/wp-content\/uploads\/2026\/01\/taylor-nicole-qh7nlsk-ije-unsplash-768x512.jpg 768w, https:\/\/www.open-up.ch\/wp-content\/uploads\/2026\/01\/taylor-nicole-qh7nlsk-ije-unsplash-1536x1024.jpg 1536w\" sizes=\"(max-width: 1920px) 100vw, 1920px\" \/>\t\t\t\t\t\t\t\t\t\t\t\t\t\t\t<\/div>\n\t\t\t\t<\/div>\n\t\t\t\t\t<\/div>\n\t\t<\/div>\n\t\t\t\t\t<\/div>\n\t\t<\/section>\n\t\t\t\t<section class=\"elementor-section elementor-top-section elementor-element elementor-element-6b46a43 elementor-section-full_width left right headf elementor-section-height-default elementor-section-height-default\" data-id=\"6b46a43\" data-element_type=\"section\" data-e-type=\"section\" data-settings=\"{&quot;background_background&quot;:&quot;classic&quot;}\">\n\t\t\t\t\t\t<div class=\"elementor-container elementor-column-gap-default\">\n\t\t\t\t\t<div class=\"elementor-column elementor-col-100 elementor-top-column elementor-element elementor-element-e3748fa\" data-id=\"e3748fa\" data-element_type=\"column\" data-e-type=\"column\">\n\t\t\t<div class=\"elementor-widget-wrap elementor-element-populated\">\n\t\t\t\t\t\t<div class=\"elementor-element elementor-element-aa8a5e4 elementor-widget elementor-widget-text-editor\" data-id=\"aa8a5e4\" data-element_type=\"widget\" data-e-type=\"widget\" data-widget_type=\"text-editor.default\">\n\t\t\t\t<div class=\"elementor-widget-container\">\n\t\t\t\t\t\t\t\t\t26.01.2026|<br><h2><strong><span class=\"TextRun SCXW215145063 BCX8\" lang=\"DE-CH\" xml:lang=\"DE-CH\" data-contrast=\"auto\"><span class=\"NormalTextRun SCXW215145063 BCX8\"><span class=\"NormalTextRun SpellingErrorV2Themed SCXW260003116 BCX8\"><span class=\"TextRun SCXW196519702 BCX8\" lang=\"FR-FR\" xml:lang=\"FR-FR\" data-contrast=\"auto\"><span class=\"NormalTextRun SCXW196519702 BCX8\">Diriger malgr\u00e9 la fragilit\u00e9 : le vrai test du leadership<\/span><\/span><\/span><\/span><\/span><\/strong><\/h2>\t\t\t\t\t\t\t\t<\/div>\n\t\t\t\t<\/div>\n\t\t\t\t\t<\/div>\n\t\t<\/div>\n\t\t\t\t\t<\/div>\n\t\t<\/section>\n\t\t\t\t<section class=\"elementor-section elementor-top-section elementor-element elementor-element-18c8e70 elementor-section-full_width left right elementor-section-height-default elementor-section-height-default\" data-id=\"18c8e70\" data-element_type=\"section\" data-e-type=\"section\" data-settings=\"{&quot;background_background&quot;:&quot;classic&quot;}\">\n\t\t\t\t\t\t<div class=\"elementor-container elementor-column-gap-default\">\n\t\t\t\t\t<div class=\"elementor-column elementor-col-100 elementor-top-column elementor-element elementor-element-0bb7fc7\" data-id=\"0bb7fc7\" data-element_type=\"column\" data-e-type=\"column\">\n\t\t\t<div class=\"elementor-widget-wrap elementor-element-populated\">\n\t\t\t\t\t\t<div class=\"elementor-element elementor-element-3e0e51c elementor-widget elementor-widget-text-editor\" data-id=\"3e0e51c\" data-element_type=\"widget\" data-e-type=\"widget\" data-widget_type=\"text-editor.default\">\n\t\t\t\t<div class=\"elementor-widget-container\">\n\t\t\t\t\t\t\t\t\t<strong><span class=\"TextRun SCXW12385424 BCX8\" lang=\"FR-FR\" xml:lang=\"FR-FR\" data-contrast=\"auto\"><span class=\"NormalTextRun SCXW12385424 BCX8\">Un probl\u00e8me de sant\u00e9 du dirigeant n\u2019est pas seulement une \u00e9preuve personnelle, c\u2019est un enjeu de gouvernance, de communication et de r\u00e9silience collective. Alors que faire quand un leader tombe malade ? Voici huit \u00e9tapes pour permettre \u00e0 une entreprise de communiquer avec empathie tout en restant transparente<\/span><\/span>. <\/strong><br><br><span data-contrast=\"auto\">Longtemps tabou, la sant\u00e9 d\u2019un CEO a souvent \u00e9t\u00e9 tenue dans le secret le plus total. Comme si reconna\u00eetre sa vuln\u00e9rabilit\u00e9 risquait de fragiliser l\u2019entreprise. Or, \u00e0 l\u2019\u00e8re des r\u00e9seaux sociaux et de la transparence impos\u00e9e, garder le silence absolu n\u2019est plus tenable\u00a0ni m\u00eame d\u00e9sir\u00e9. Les salari\u00e9s voient, les clients s\u2019interrogent, les march\u00e9s sp\u00e9culent. Et surtout : derri\u00e8re la fonction, il y a une personne, avec ses forces, mais aussi ses failles.\u00a0<\/span><span data-ccp-props=\"{}\">\u00a0<\/span><br><br><span data-contrast=\"auto\">Un probl\u00e8me de sant\u00e9 du dirigeant n\u2019est pas seulement une \u00e9preuve personnelle : c\u2019est un enjeu de gouvernance, de communication et de r\u00e9silience collective. Alors, que faire quand un leader tombe malade ?\u00a0Quelques\u00a0mesures prioritaires pour concilier dignit\u00e9 humaine et stabilit\u00e9 op\u00e9rationnelle.<\/span><span data-ccp-props=\"{}\">\u00a0<\/span><br><br><b><span data-contrast=\"auto\">Poser un cadre de gouvernance clair<\/span><\/b><span data-ccp-props=\"{}\">\u00a0<\/span><br><br><span data-contrast=\"auto\">D\u00e8s les premiers signes d\u2019indisponibilit\u00e9,\u00a0voire\u00a0bien en amont\u00a0dans certains cas,\u00a0il est\u00a0crucial\u00a0de d\u00e9finir qui prend le relais. Un COO, un membre du\u00a0board, un comit\u00e9 ex\u00e9cutif \u00e9largi\u2026\u00a0peu importe la formule, ce qui compte, c\u2019est de rassurer sur la continuit\u00e9 des d\u00e9cisions et la solidit\u00e9 de la gouvernance.<\/span><span data-ccp-props=\"{}\">\u00a0<\/span><br><br><b><span data-contrast=\"auto\">Informer en interne, d\u2019abord et avec empathie<\/span><\/b><span data-ccp-props=\"{}\">\u00a0<\/span><br><br><span data-contrast=\"auto\">Les collaborateurs sont les premiers concern\u00e9s. Ils doivent entendre la v\u00e9rit\u00e9,\u00a0sans d\u00e9tails m\u00e9dicaux inutiles, mais sans minimisation non plus. Leur confiance se nourrit d\u2019un message clair : \u201cLe dirigeant fait face \u00e0 un probl\u00e8me de sant\u00e9, mais l\u2019entreprise continue d\u2019avancer.\u201d<\/span><span data-ccp-props=\"{}\">\u00a0<\/span><br><br><b><span data-contrast=\"auto\">Ma\u00eetriser le r\u00e9cit externe<\/span><\/b><span data-ccp-props=\"{}\">\u00a0<\/span><br><br><span data-contrast=\"auto\">Investisseurs, clients et m\u00e9dias scrutent la moindre rumeur. Mieux vaut une communication sobre, rapide et factuelle que des silences qui nourrissent l\u2019anxi\u00e9t\u00e9 des march\u00e9s. Exemple inspirant : Arthur\u00a0Sadoun\u00a0chez Publicis, qui a assum\u00e9 sa vuln\u00e9rabilit\u00e9 avec dignit\u00e9, en transformant son exp\u00e9rience en levier de sensibilisation.<\/span><span data-ccp-props=\"{}\">\u00a0<\/span><br><br><b><span data-contrast=\"auto\">Anticiper avec un plan de crise sp\u00e9cifique<\/span><\/b><span data-ccp-props=\"{}\">\u00a0<\/span><br><br><span data-contrast=\"auto\">Les sc\u00e9narios d\u2019absence temporaire ou prolong\u00e9e doivent \u00eatre pr\u00e9vus \u00e0 l\u2019avance. Communiqu\u00e9s\u00a0pr\u00e9r\u00e9dig\u00e9s, porte-parole d\u00e9sign\u00e9s, protocoles\u00a0et process\u00a0valid\u00e9s : cette pr\u00e9paration \u00e9vite les improvisations\u00a0hasardeuses, souvent\u00a0douloureuses,\u00a0et prot\u00e8ge \u00e0 la fois la personne et l\u2019organisation.<\/span><span data-ccp-props=\"{}\">\u00a0<\/span><br><br><b><span data-contrast=\"auto\">Respecter la fronti\u00e8re vie priv\u00e9e \/ vie publique<\/span><\/b><span data-ccp-props=\"{}\">\u00a0<\/span><br><br><span data-contrast=\"auto\">Tout ne doit pas \u00eatre dit. Ce qui rel\u00e8ve de l\u2019intime demeure prot\u00e9g\u00e9. La r\u00e8gle d\u2019or\u00a0\u00e9tant de\u00a0communiquer ce qui a un impact direct sur le r\u00f4le de dirigeant,\u00a0et\u00a0pas davantage. Cela pr\u00e9serve la dignit\u00e9 tout en r\u00e9pondant aux attentes l\u00e9gitimes des parties prenantes.<\/span><span data-ccp-props=\"{}\">\u00a0<\/span><br><br><b><span data-contrast=\"auto\">Humaniser le ton et assumer la vuln\u00e9rabilit\u00e9<\/span><\/b><span data-ccp-props=\"{}\">\u00a0<\/span><br><br><span data-contrast=\"auto\">Les dirigeants ne sont pas des surhommes, non. Dire la v\u00e9rit\u00e9, montrer ses limites sans renoncer \u00e0 son r\u00f4le, inspire bien plus que l\u2019illusion de toute-puissance. Le courage de la transparence contr\u00f4l\u00e9e est souvent per\u00e7u comme une\u00a0grande\u00a0force.<\/span><span data-ccp-props=\"{}\">\u00a0<\/span><br><br><b><span data-contrast=\"auto\">Canaliser les r\u00e9seaux sociaux<\/span><\/b><span data-ccp-props=\"{}\">\u00a0<\/span><br><br><span data-contrast=\"auto\">\u00c0 l\u2019heure des\u00a0hashtags\u00a0et\u00a0autres\u00a0r\u00e9actions\u00a0instantan\u00e9es, il est crucial de publier rapidement une communication officielle. Ce message, relay\u00e9 par les canaux de l\u2019entreprise, permet d\u2019\u00e9viter la propagation de rumeurs et de\u00a0garder\u00a0la ma\u00eetrise du r\u00e9cit.<\/span><span data-ccp-props=\"{}\">\u00a0<\/span><br><br><b><span data-contrast=\"auto\">Transformer l\u2019\u00e9preuve en levier collectif<\/span><\/b><span data-ccp-props=\"{}\">\u00a0<\/span><br><br><span data-contrast=\"auto\">Certaines crises peuvent\u00a0muer en\u00a0causes\u00a0prises tr\u00e8s\u00a0au\u00a0s\u00e9rieux\u00a0:\u00a0sensibilisation \u00e0 la maladie, engagement pour la pr\u00e9vention, am\u00e9lioration des conditions de travail des collaborateurs malades ou aidants. Ce type d\u2019initiative, comme \u201cWorking\u00a0With\u00a0Cancer\u201d lanc\u00e9 par Publicis, redonne du sens \u00e0 l\u2019\u00e9preuve et la d\u00e9passe.<\/span><span data-ccp-props=\"{}\">\u00a0<\/span><br><br><span data-contrast=\"auto\">En r\u00e9sum\u00e9, c\u2019est\u00a0un\u00a0r\u00e9cit sinc\u00e8re mais ma\u00eetris\u00e9.<\/span><span data-ccp-props=\"{}\">\u00a0<\/span><br><br><span data-contrast=\"auto\">Un\u00a0probl\u00e8me de sant\u00e9 du dirigeant est\u00a0une onde de choc humaine, organisationnelle\u00a0et\u00a0m\u00e9diatique. L\u2019erreur serait de choisir entre mutisme total et transparence intrusive. La bonne voie se situe entre les\u00a0deux :\u00a0un r\u00e9cit ma\u00eetris\u00e9, sinc\u00e8re mais mesur\u00e9, qui prot\u00e8ge l\u2019individu tout en rassurant sur la continuit\u00e9\u00a0des affaires. Parce qu\u2019au fond, ce qui fait la force d\u2019une entreprise n\u2019est pas l\u2019infaillibilit\u00e9 de son leader, mais la capacit\u00e9 collective \u00e0 avancer, m\u00eame quand celui-ci vacille.<\/span><span data-ccp-props=\"{}\">\u00a0<\/span><br><br><span data-ccp-props=\"{}\">\u00a0<\/span><br><br><i><span data-contrast=\"auto\">Ce texte a \u00e9t\u00e9 \u00e9crit par Nabila Bouzouina et publi\u00e9 le 15 d\u00e9cembre\u00a02025\u00a0dans\u00a0<\/span><\/i><a href=\"https:\/\/leader-mag.ch\/articles\/FR\/article\/DvQkKq0shE2Mv\/f03d35a77c3b435dbe503d8ae503730a\"><i><span data-contrast=\"none\">Leader Magazine<\/span><\/i><\/a><span data-ccp-props=\"{}\">\u00a0<\/span>\t\t\t\t\t\t\t\t<\/div>\n\t\t\t\t<\/div>\n\t\t\t\t\t<\/div>\n\t\t<\/div>\n\t\t\t\t\t<\/div>\n\t\t<\/section>\n\t\t\t\t<section class=\"elementor-section elementor-top-section elementor-element elementor-element-e990640 elementor-section-full_width left right elementor-section-height-default elementor-section-height-default\" data-id=\"e990640\" data-element_type=\"section\" data-e-type=\"section\" data-settings=\"{&quot;background_background&quot;:&quot;classic&quot;}\">\n\t\t\t\t\t\t<div class=\"elementor-container elementor-column-gap-default\">\n\t\t\t\t\t<div class=\"elementor-column elementor-col-50 elementor-top-column elementor-element elementor-element-66753d0\" data-id=\"66753d0\" data-element_type=\"column\" data-e-type=\"column\">\n\t\t\t<div class=\"elementor-widget-wrap elementor-element-populated\">\n\t\t\t\t\t\t<div class=\"elementor-element elementor-element-02b174c elementor-widget elementor-widget-image\" data-id=\"02b174c\" data-element_type=\"widget\" data-e-type=\"widget\" data-widget_type=\"image.default\">\n\t\t\t\t<div class=\"elementor-widget-container\">\n\t\t\t\t\t\t\t\t\t\t\t\t\t\t\t\t<a href=\"https:\/\/www.open-up.ch\/fr\/%e1%8e%97-team\/%e1%8e%97-nabila-bouzouina\/\" target=\"_blank\">\n\t\t\t\t\t\t\t<img decoding=\"async\" width=\"150\" height=\"150\" src=\"https:\/\/www.open-up.ch\/wp-content\/uploads\/2021\/12\/boostr-dscf0118-1-2-150x150.jpg\" class=\"attachment-thumbnail size-thumbnail wp-image-27703\" alt=\"\" \/>\t\t\t\t\t\t\t\t<\/a>\n\t\t\t\t\t\t\t\t\t\t\t\t\t\t\t<\/div>\n\t\t\t\t<\/div>\n\t\t\t\t\t<\/div>\n\t\t<\/div>\n\t\t\t\t<div class=\"elementor-column elementor-col-50 elementor-top-column elementor-element elementor-element-c712e0c\" data-id=\"c712e0c\" data-element_type=\"column\" data-e-type=\"column\">\n\t\t\t<div class=\"elementor-widget-wrap elementor-element-populated\">\n\t\t\t\t\t\t<div class=\"elementor-element elementor-element-1111383 elementor-widget elementor-widget-text-editor\" data-id=\"1111383\" data-element_type=\"widget\" data-e-type=\"widget\" data-widget_type=\"text-editor.default\">\n\t\t\t\t<div class=\"elementor-widget-container\">\n\t\t\t\t\t\t\t\t\t<strong><span class=\"TextRun SCXW172698417 BCX8\" lang=\"FR-CH\" xml:lang=\"FR-CH\" data-contrast=\"auto\"><span class=\"NormalTextRun SCXW172698417 BCX8\">\u00c0 propos de l\u2019autrice<\/span><\/span><\/strong><br><br><span class=\"NormalTextRun SCXW32144705 BCX8\">Nabila Bouz<\/span><span class=\"NormalTextRun SCXW32144705 BCX8\">oui<\/span><span class=\"NormalTextRun SCXW32144705 BCX8\">na accompagne les\u00a0<\/span><span class=\"NormalTextRun SpellingErrorV2Themed SCXW32144705 BCX8\">dirigeant\u00b7e\u00b7s<\/span><span class=\"NormalTextRun SCXW32144705 BCX8\">\u00a0et les organisations dans leurs prises de parole sensibles, l\u00e0 o\u00f9 l\u2019humain rencontre la strat\u00e9gie. Convaincue que la vuln\u00e9rabilit\u00e9 peut devenir une force, elle plaide pour une communication lucide, incarn\u00e9e et responsable<\/span>.\t\t\t\t\t\t\t\t<\/div>\n\t\t\t\t<\/div>\n\t\t\t\t\t<\/div>\n\t\t<\/div>\n\t\t\t\t\t<\/div>\n\t\t<\/section>\n\t\t\t\t<section class=\"elementor-section elementor-top-section elementor-element elementor-element-7ab85f2 elementor-section-full_width left right elementor-section-height-default elementor-section-height-default\" data-id=\"7ab85f2\" data-element_type=\"section\" data-e-type=\"section\">\n\t\t\t\t\t\t<div class=\"elementor-container elementor-column-gap-default\">\n\t\t\t\t\t<div class=\"elementor-column elementor-col-100 elementor-top-column elementor-element elementor-element-42b636e\" data-id=\"42b636e\" data-element_type=\"column\" data-e-type=\"column\">\n\t\t\t<div class=\"elementor-widget-wrap elementor-element-populated\">\n\t\t\t\t\t\t<div class=\"elementor-element elementor-element-f1fb519 elementor-widget elementor-widget-ee-breadcrumbs\" data-id=\"f1fb519\" data-element_type=\"widget\" data-e-type=\"widget\" data-widget_type=\"ee-breadcrumbs.default\">\n\t\t\t\t<div class=\"elementor-widget-container\">\n\t\t\t\t\t<ul class=\"ee-breadcrumbs\" itemscope=\"\" itemtype=\"http:\/\/schema.org\/BreadcrumbList\"><\/ul>\t\t\t\t<\/div>\n\t\t\t\t<\/div>\n\t\t\t\t\t<\/div>\n\t\t<\/div>\n\t\t\t\t\t<\/div>\n\t\t<\/section>\n\t\t\t\t<section class=\"elementor-section elementor-top-section elementor-element elementor-element-bd68e6d elementor-section-stretched elementor-section-full_width linkcolorblue elementor-section-height-default elementor-section-height-default\" data-id=\"bd68e6d\" data-element_type=\"section\" data-e-type=\"section\" data-settings=\"{&quot;stretch_section&quot;:&quot;section-stretched&quot;,&quot;background_background&quot;:&quot;classic&quot;}\">\n\t\t\t\t\t\t<div class=\"elementor-container elementor-column-gap-default\">\n\t\t\t\t\t<div class=\"elementor-column elementor-col-100 elementor-top-column elementor-element elementor-element-c60ff27\" data-id=\"c60ff27\" data-element_type=\"column\" data-e-type=\"column\">\n\t\t\t<div class=\"elementor-widget-wrap elementor-element-populated\">\n\t\t\t\t\t\t<div class=\"elementor-element elementor-element-1e58eec elementor-widget elementor-widget-spacer\" data-id=\"1e58eec\" data-element_type=\"widget\" data-e-type=\"widget\" data-widget_type=\"spacer.default\">\n\t\t\t\t<div class=\"elementor-widget-container\">\n\t\t\t\t\t\t\t<div class=\"elementor-spacer\">\n\t\t\t<div class=\"elementor-spacer-inner\"><\/div>\n\t\t<\/div>\n\t\t\t\t\t\t<\/div>\n\t\t\t\t<\/div>\n\t\t\t\t\t<\/div>\n\t\t<\/div>\n\t\t\t\t\t<\/div>\n\t\t<\/section>\n\t\t\t\t<\/div>\n\t\t","protected":false},"excerpt":{"rendered":"<p>Un probl\u00e8me de sant\u00e9 du dirigeant n\u2019est pas seulement une \u00e9preuve personnelle, c\u2019est un enjeu de gouvernance, de communication et de r\u00e9silience collective. Alors que faire quand un leader tombe malade ? Voici huit \u00e9tapes pour permettre \u00e0 une entreprise de communiquer avec empathie tout en restant transparente. <\/p>\n","protected":false},"author":10,"featured_media":42084,"comment_status":"closed","ping_status":"open","sticky":false,"template":"elementor_header_footer","format":"standard","meta":{"_acf_changed":false,"inline_featured_image":false,"footnotes":""},"categories":[221],"tags":[],"class_list":["post-42094","post","type-post","status-publish","format-standard","has-post-thumbnail","hentry","category-points-de-vue"],"acf":[],"yoast_head":"<!-- This site is optimized with the Yoast SEO plugin v27.4 - https:\/\/yoast.com\/product\/yoast-seo-wordpress\/ -->\n<title>Diriger malgr\u00e9 la fragilit\u00e9 : le vrai test du leadership - open up<\/title>\n<meta name=\"description\" content=\"Longtemps consid\u00e9r\u00e9e comme un sujet tabou, la sant\u00e9 des dirigeant\u00b7e\u00b7s s\u2019impose aujourd\u2019hui comme un enjeu majeur de gouvernance et de communication. \u00c0 l\u2019heure de la transparence et de l\u2019hyperm\u00e9diatisation, comment parler de la fragilit\u00e9 d\u2019un leader sans fragiliser l\u2019entreprise ? Ce texte propose des cl\u00e9s concr\u00e8tes pour trouver le juste \u00e9quilibre entre dignit\u00e9 humaine, confiance des parties prenantes et continuit\u00e9 de l\u2019action collective.\" \/>\n<meta name=\"robots\" content=\"index, follow, max-snippet:-1, max-image-preview:large, max-video-preview:-1\" \/>\n<link rel=\"canonical\" href=\"https:\/\/www.open-up.ch\/die-gesundheit-von-top-fuehrungskraeften-das-verborgene-element-stabiler-governance\/\" \/>\n<meta property=\"og:locale\" content=\"fr_FR\" \/>\n<meta property=\"og:type\" content=\"article\" \/>\n<meta property=\"og:title\" content=\"Diriger malgr\u00e9 la fragilit\u00e9 : le vrai test du leadership - open up\" \/>\n<meta property=\"og:description\" content=\"Longtemps consid\u00e9r\u00e9e comme un sujet tabou, la sant\u00e9 des dirigeant\u00b7e\u00b7s s\u2019impose aujourd\u2019hui comme un enjeu majeur de gouvernance et de communication. \u00c0 l\u2019heure de la transparence et de l\u2019hyperm\u00e9diatisation, comment parler de la fragilit\u00e9 d\u2019un leader sans fragiliser l\u2019entreprise ? Ce texte propose des cl\u00e9s concr\u00e8tes pour trouver le juste \u00e9quilibre entre dignit\u00e9 humaine, confiance des parties prenantes et continuit\u00e9 de l\u2019action collective.\" \/>\n<meta property=\"og:url\" content=\"https:\/\/www.open-up.ch\/die-gesundheit-von-top-fuehrungskraeften-das-verborgene-element-stabiler-governance\/\" \/>\n<meta property=\"og:site_name\" content=\"open up\" \/>\n<meta property=\"article:published_time\" content=\"2026-01-26T15:57:54+00:00\" \/>\n<meta property=\"article:modified_time\" content=\"2026-01-26T16:06:49+00:00\" \/>\n<meta property=\"og:image\" content=\"https:\/\/www.open-up.ch\/wp-content\/uploads\/2026\/01\/taylor-nicole-qh7nlsk-ije-unsplash.jpg\" \/>\n\t<meta property=\"og:image:width\" content=\"1920\" \/>\n\t<meta property=\"og:image:height\" content=\"1280\" \/>\n\t<meta property=\"og:image:type\" content=\"image\/jpeg\" \/>\n<meta name=\"author\" content=\"open up redaktor\" \/>\n<meta name=\"twitter:card\" content=\"summary_large_image\" \/>\n<meta name=\"twitter:label1\" content=\"\u00c9crit par\" \/>\n\t<meta name=\"twitter:data1\" content=\"open up redaktor\" \/>\n\t<meta name=\"twitter:label2\" content=\"Dur\u00e9e de lecture estim\u00e9e\" \/>\n\t<meta name=\"twitter:data2\" content=\"4 minutes\" \/>\n<!-- \/ Yoast SEO plugin. -->","yoast_head_json":{"title":"Diriger malgr\u00e9 la fragilit\u00e9 : le vrai test du leadership - open up","description":"Longtemps consid\u00e9r\u00e9e comme un sujet tabou, la sant\u00e9 des dirigeant\u00b7e\u00b7s s\u2019impose aujourd\u2019hui comme un enjeu majeur de gouvernance et de communication. \u00c0 l\u2019heure de la transparence et de l\u2019hyperm\u00e9diatisation, comment parler de la fragilit\u00e9 d\u2019un leader sans fragiliser l\u2019entreprise ? Ce texte propose des cl\u00e9s concr\u00e8tes pour trouver le juste \u00e9quilibre entre dignit\u00e9 humaine, confiance des parties prenantes et continuit\u00e9 de l\u2019action collective.","robots":{"index":"index","follow":"follow","max-snippet":"max-snippet:-1","max-image-preview":"max-image-preview:large","max-video-preview":"max-video-preview:-1"},"canonical":"https:\/\/www.open-up.ch\/die-gesundheit-von-top-fuehrungskraeften-das-verborgene-element-stabiler-governance\/","og_locale":"fr_FR","og_type":"article","og_title":"Diriger malgr\u00e9 la fragilit\u00e9 : le vrai test du leadership - open up","og_description":"Longtemps consid\u00e9r\u00e9e comme un sujet tabou, la sant\u00e9 des dirigeant\u00b7e\u00b7s s\u2019impose aujourd\u2019hui comme un enjeu majeur de gouvernance et de communication. \u00c0 l\u2019heure de la transparence et de l\u2019hyperm\u00e9diatisation, comment parler de la fragilit\u00e9 d\u2019un leader sans fragiliser l\u2019entreprise ? Ce texte propose des cl\u00e9s concr\u00e8tes pour trouver le juste \u00e9quilibre entre dignit\u00e9 humaine, confiance des parties prenantes et continuit\u00e9 de l\u2019action collective.","og_url":"https:\/\/www.open-up.ch\/die-gesundheit-von-top-fuehrungskraeften-das-verborgene-element-stabiler-governance\/","og_site_name":"open up","article_published_time":"2026-01-26T15:57:54+00:00","article_modified_time":"2026-01-26T16:06:49+00:00","og_image":[{"width":1920,"height":1280,"url":"https:\/\/www.open-up.ch\/wp-content\/uploads\/2026\/01\/taylor-nicole-qh7nlsk-ije-unsplash.jpg","type":"image\/jpeg"}],"author":"open up redaktor","twitter_card":"summary_large_image","twitter_misc":{"\u00c9crit par":"open up redaktor","Dur\u00e9e de lecture estim\u00e9e":"4 minutes"},"schema":{"@context":"https:\/\/schema.org","@graph":[{"@type":"Article","@id":"https:\/\/www.open-up.ch\/die-gesundheit-von-top-fuehrungskraeften-das-verborgene-element-stabiler-governance\/#article","isPartOf":{"@id":"https:\/\/www.open-up.ch\/die-gesundheit-von-top-fuehrungskraeften-das-verborgene-element-stabiler-governance\/"},"author":{"name":"open up redaktor","@id":"https:\/\/www.open-up.ch\/en\/#\/schema\/person\/91cebb94e3a22b2f5b0df4707bfe471c"},"headline":"Diriger malgr\u00e9 la fragilit\u00e9 : le vrai test du leadership","datePublished":"2026-01-26T15:57:54+00:00","dateModified":"2026-01-26T16:06:49+00:00","mainEntityOfPage":{"@id":"https:\/\/www.open-up.ch\/die-gesundheit-von-top-fuehrungskraeften-das-verborgene-element-stabiler-governance\/"},"wordCount":819,"image":{"@id":"https:\/\/www.open-up.ch\/die-gesundheit-von-top-fuehrungskraeften-das-verborgene-element-stabiler-governance\/#primaryimage"},"thumbnailUrl":"https:\/\/www.open-up.ch\/wp-content\/uploads\/2026\/01\/taylor-nicole-qh7nlsk-ije-unsplash.jpg","articleSection":["Points de vue"],"inLanguage":"fr-FR"},{"@type":"WebPage","@id":"https:\/\/www.open-up.ch\/die-gesundheit-von-top-fuehrungskraeften-das-verborgene-element-stabiler-governance\/","url":"https:\/\/www.open-up.ch\/die-gesundheit-von-top-fuehrungskraeften-das-verborgene-element-stabiler-governance\/","name":"Diriger malgr\u00e9 la fragilit\u00e9 : le vrai test du leadership - open up","isPartOf":{"@id":"https:\/\/www.open-up.ch\/en\/#website"},"primaryImageOfPage":{"@id":"https:\/\/www.open-up.ch\/die-gesundheit-von-top-fuehrungskraeften-das-verborgene-element-stabiler-governance\/#primaryimage"},"image":{"@id":"https:\/\/www.open-up.ch\/die-gesundheit-von-top-fuehrungskraeften-das-verborgene-element-stabiler-governance\/#primaryimage"},"thumbnailUrl":"https:\/\/www.open-up.ch\/wp-content\/uploads\/2026\/01\/taylor-nicole-qh7nlsk-ije-unsplash.jpg","datePublished":"2026-01-26T15:57:54+00:00","dateModified":"2026-01-26T16:06:49+00:00","author":{"@id":"https:\/\/www.open-up.ch\/en\/#\/schema\/person\/91cebb94e3a22b2f5b0df4707bfe471c"},"description":"Longtemps consid\u00e9r\u00e9e comme un sujet tabou, la sant\u00e9 des dirigeant\u00b7e\u00b7s s\u2019impose aujourd\u2019hui comme un enjeu majeur de gouvernance et de communication. \u00c0 l\u2019heure de la transparence et de l\u2019hyperm\u00e9diatisation, comment parler de la fragilit\u00e9 d\u2019un leader sans fragiliser l\u2019entreprise ? Ce texte propose des cl\u00e9s concr\u00e8tes pour trouver le juste \u00e9quilibre entre dignit\u00e9 humaine, confiance des parties prenantes et continuit\u00e9 de l\u2019action collective.","breadcrumb":{"@id":"https:\/\/www.open-up.ch\/die-gesundheit-von-top-fuehrungskraeften-das-verborgene-element-stabiler-governance\/#breadcrumb"},"inLanguage":"fr-FR","potentialAction":[{"@type":"ReadAction","target":["https:\/\/www.open-up.ch\/die-gesundheit-von-top-fuehrungskraeften-das-verborgene-element-stabiler-governance\/"]}]},{"@type":"ImageObject","inLanguage":"fr-FR","@id":"https:\/\/www.open-up.ch\/die-gesundheit-von-top-fuehrungskraeften-das-verborgene-element-stabiler-governance\/#primaryimage","url":"https:\/\/www.open-up.ch\/wp-content\/uploads\/2026\/01\/taylor-nicole-qh7nlsk-ije-unsplash.jpg","contentUrl":"https:\/\/www.open-up.ch\/wp-content\/uploads\/2026\/01\/taylor-nicole-qh7nlsk-ije-unsplash.jpg","width":1920,"height":1280},{"@type":"BreadcrumbList","@id":"https:\/\/www.open-up.ch\/die-gesundheit-von-top-fuehrungskraeften-das-verborgene-element-stabiler-governance\/#breadcrumb","itemListElement":[{"@type":"ListItem","position":1,"name":"Home","item":"https:\/\/www.open-up.ch\/fr\/"},{"@type":"ListItem","position":2,"name":"Diriger malgr\u00e9 la fragilit\u00e9 : le vrai test du leadership"}]},{"@type":"WebSite","@id":"https:\/\/www.open-up.ch\/en\/#website","url":"https:\/\/www.open-up.ch\/en\/","name":"open up","description":"","potentialAction":[{"@type":"SearchAction","target":{"@type":"EntryPoint","urlTemplate":"https:\/\/www.open-up.ch\/en\/?s={search_term_string}"},"query-input":{"@type":"PropertyValueSpecification","valueRequired":true,"valueName":"search_term_string"}}],"inLanguage":"fr-FR"},{"@type":"Person","@id":"https:\/\/www.open-up.ch\/en\/#\/schema\/person\/91cebb94e3a22b2f5b0df4707bfe471c","name":"open up redaktor","url":"https:\/\/www.open-up.ch\/fr\/author\/open-up-redaktor\/"}]}},"_links":{"self":[{"href":"https:\/\/www.open-up.ch\/fr\/wp-json\/wp\/v2\/posts\/42094","targetHints":{"allow":["GET"]}}],"collection":[{"href":"https:\/\/www.open-up.ch\/fr\/wp-json\/wp\/v2\/posts"}],"about":[{"href":"https:\/\/www.open-up.ch\/fr\/wp-json\/wp\/v2\/types\/post"}],"author":[{"embeddable":true,"href":"https:\/\/www.open-up.ch\/fr\/wp-json\/wp\/v2\/users\/10"}],"replies":[{"embeddable":true,"href":"https:\/\/www.open-up.ch\/fr\/wp-json\/wp\/v2\/comments?post=42094"}],"version-history":[{"count":1,"href":"https:\/\/www.open-up.ch\/fr\/wp-json\/wp\/v2\/posts\/42094\/revisions"}],"predecessor-version":[{"id":42095,"href":"https:\/\/www.open-up.ch\/fr\/wp-json\/wp\/v2\/posts\/42094\/revisions\/42095"}],"wp:featuredmedia":[{"embeddable":true,"href":"https:\/\/www.open-up.ch\/fr\/wp-json\/wp\/v2\/media\/42084"}],"wp:attachment":[{"href":"https:\/\/www.open-up.ch\/fr\/wp-json\/wp\/v2\/media?parent=42094"}],"wp:term":[{"taxonomy":"category","embeddable":true,"href":"https:\/\/www.open-up.ch\/fr\/wp-json\/wp\/v2\/categories?post=42094"},{"taxonomy":"post_tag","embeddable":true,"href":"https:\/\/www.open-up.ch\/fr\/wp-json\/wp\/v2\/tags?post=42094"}],"curies":[{"name":"wp","href":"https:\/\/api.w.org\/{rel}","templated":true}]}}